{"id":14008,"date":"2018-03-12T20:03:46","date_gmt":"2018-03-12T19:03:46","guid":{"rendered":"https:\/\/rockylinux.jibena.lan\/mag\/?p=14008"},"modified":"2018-03-12T20:03:46","modified_gmt":"2018-03-12T19:03:46","slug":"defi-drone","status":"publish","type":"post","link":"https:\/\/www.chassimages.com\/index.php\/2018\/03\/12\/defi-drone\/","title":{"rendered":"[ Image du jour ] Cam\u00e9ra volante au travail"},"content":{"rendered":"[vc_single_image image=\u00a0\u00bb14012&Prime; img_size=\u00a0\u00bbfull\u00a0\u00bb alignment=\u00a0\u00bbcenter\u00a0\u00bb]Savez-vous qu&rsquo;un grand nombre de photographes prom\u00e8nent d\u00e9sormais <strong>un drone<\/strong> dans leur fourre-tout? On s&rsquo;en doutait d\u00e9j\u00e0 un peu mais, durant la pr\u00e9paration du dossier paraissant dans Chasseur d&rsquo;Images n\u00b0402, nous avons \u00e9t\u00e9 surpris par le nombre de photographes qui utilisent ce type de mat\u00e9riel de fa\u00e7on quasi quotidienne, au point de glisser l&rsquo;un des tous derniers mod\u00e8les pliants dans leur sac..<\/p>\n<p>Il faut dire que le drone s&rsquo;est peu \u00e0 peu transform\u00e9 en <strong>cam\u00e9ra volante,<\/strong> tr\u00e8s facile \u00e0 utiliser (quand il n&rsquo;est pas trop gros) et produisant d&rsquo;assez bonnes images. Et nous n&rsquo;h\u00e9sitons pas \u00e0 dire que le drone est devenu une sorte de tr\u00e9pied photo\u2026 dont les pattes ne nous g\u00eanent pas et dont on peut r\u00e9gler tr\u00e8s facilement la hauteur, le d\u00e9port et l&rsquo;inclinaison!<\/p>\n<p>Dans <a href=\"https:\/\/rockylinux.jibena.lan\/mag\/index.php\/2018\/03\/12\/ci402\/\" target=\"_blank\" rel=\"noopener\"><strong>Chasseur d&rsquo;Images 402,<\/strong><\/a> nous publions nombre de photos envoy\u00e9es par nos Lecteurs, dont les tr\u00e8s belles images de <strong>Marc P\u00e9lissier<\/strong> qui, avec un <strong>DJI Phantom 4<\/strong>, a r\u00e9alis\u00e9 de superbes panoramiques en quelques secondes.<\/p>\n<p>Venez r\u00eaver avec nous et vous constaterez que le drone n&rsquo;a plus rien d&rsquo;un jouet\u2026<br \/>\nC&rsquo;est au sommaire de <a href=\"https:\/\/rockylinux.jibena.lan\/mag\/index.php\/2018\/03\/12\/ci402\/\" target=\"_blank\" rel=\"noopener\"><strong>Chasseur d&rsquo;Images n\u00b0 420 &#8211; Avril 2018<\/strong><\/a>[vc_single_image image=\u00a0\u00bb10940&Prime; img_size=\u00a0\u00bbfull\u00a0\u00bb add_caption=\u00a0\u00bbyes\u00a0\u00bb alignment=\u00a0\u00bbcenter\u00a0\u00bb onclick=\u00a0\u00bbcustom_link\u00a0\u00bb img_link_target=\u00a0\u00bb_blank\u00a0\u00bb css_animation=\u00a0\u00bbright-to-left\u00a0\u00bb link=\u00a0\u00bbhttps:\/\/xxcm.wordpress.com\/\u00a0\u00bb css=\u00a0\u00bb.vc_custom_1505900423051{border-top-width: 2px !important;border-right-width: 2px !important;border-bottom-width: 2px !important;border-left-width: 2px !important;border-left-color: #ffffff !important;border-right-color: #ffffff !important;border-top-color: #ffffff !important;border-bottom-color: #ffffff !important;}\u00a0\u00bb][vc_single_image image=\u00a0\u00bb10939&Prime; img_size=\u00a0\u00bbfull\u00a0\u00bb add_caption=\u00a0\u00bbyes\u00a0\u00bb alignment=\u00a0\u00bbcenter\u00a0\u00bb onclick=\u00a0\u00bbcustom_link\u00a0\u00bb img_link_target=\u00a0\u00bb_blank\u00a0\u00bb css_animation=\u00a0\u00bbright-to-left\u00a0\u00bb link=\u00a0\u00bbhttp:\/\/www.prodibi.com\/\u00a0\u00bb css=\u00a0\u00bb.vc_custom_1505900454925{border-top-width: 2px !important;border-right-width: 2px !important;border-bottom-width: 2px !important;border-left-width: 2px !important;border-left-color: #ffffff !important;border-right-color: #ffffff !important;border-top-color: #ffffff !important;border-bottom-color: #ffffff !important;}\u00a0\u00bb][vc_single_image image=\u00a0\u00bb3843&Prime; img_size=\u00a0\u00bbfull\u00a0\u00bb add_caption=\u00a0\u00bbyes\u00a0\u00bb alignment=\u00a0\u00bbcenter\u00a0\u00bb onclick=\u00a0\u00bbcustom_link\u00a0\u00bb img_link_target=\u00a0\u00bb_blank\u00a0\u00bb css_animation=\u00a0\u00bbright-to-left\u00a0\u00bb link=\u00a0\u00bbhttps:\/\/rockylinux.jibena.lan\/mag\/forum\/index.php\/topic,275146.0.html\u00a0\u00bb][vc_single_image image=\u00a0\u00bb10941&Prime; img_size=\u00a0\u00bbfull\u00a0\u00bb add_caption=\u00a0\u00bbyes\u00a0\u00bb alignment=\u00a0\u00bbcenter\u00a0\u00bb onclick=\u00a0\u00bbcustom_link\u00a0\u00bb img_link_target=\u00a0\u00bb_blank\u00a0\u00bb css_animation=\u00a0\u00bbright-to-left\u00a0\u00bb link=\u00a0\u00bbhttps:\/\/rockylinux.jibena.lan\/mag\/index.php\/2017\/09\/11\/ci397\/\u00a0\u00bb]\n<p style=\"text-align: center;\"><strong>Chaque jour, la r\u00e9daction s\u00e9lectionne un coup de c\u0153ur parmi les images qui lui sont adress\u00e9es<\/strong><br \/>\n<strong>pour publication, pour avis ou pour le <a href=\"https:\/\/rockylinux.jibena.lan\/mag\/forum\/index.html\">Forum Chassimages<\/a>: c&rsquo;est l<em>&lsquo;Image du Jour!<\/em><br \/>\n<\/strong><\/p>\n","protected":false},"excerpt":{"rendered":"<p>[vc_single_image image=\u00a0\u00bb14012&Prime; img_size=\u00a0\u00bbfull\u00a0\u00bb alignment=\u00a0\u00bbcenter\u00a0\u00bb]Savez-vous qu&rsquo;un grand nombre de photographes prom\u00e8nent d\u00e9sormais un drone dans leur fourre-tout? On s&rsquo;en doutait d\u00e9j\u00e0 un peu mais, durant la pr\u00e9paration du dossier paraissant dans Chasseur d&rsquo;Images n\u00b0402, nous avons \u00e9t\u00e9 surpris par le nombre de photographes qui utilisent ce type de mat\u00e9riel de fa\u00e7on quasi quotidienne, au point de [&hellip;]<\/p>\n","protected":false},"author":6,"featured_media":14012,"comment_status":"closed","ping_status":"closed","sticky":false,"template":"","format":"standard","meta":{"_et_pb_use_builder":"","_et_pb_old_content":"","_et_gb_content_width":"","footnotes":""},"categories":[46],"tags":[1156,1610,122],"class_list":["post-14008","post","type-post","status-publish","format-standard","has-post-thumbnail","hentry","category-imagejour","tag-ci402","tag-drones","tag-image-du-jour","et-has-post-format-content","et_post_format-et-post-format-standard"],"yoast_head":"<!-- This site is optimized with the Yoast SEO plugin v28.3 - https:\/\/yoast.com\/product\/yoast-seo-wordpress\/ -->\n<title>[ Image du jour ] Cam\u00e9ra volante au travail - Chassimages<\/title>\n<meta name=\"robots\" content=\"index, follow, max-snippet:-1, max-image-preview:large, max-video-preview:-1\" \/>\n<link rel=\"canonical\" href=\"https:\/\/www.chassimages.com\/index.php\/2018\/03\/12\/defi-drone\/\" \/>\n<meta property=\"og:locale\" content=\"fr_FR\" \/>\n<meta property=\"og:type\" content=\"article\" \/>\n<meta property=\"og:title\" content=\"[ Image du jour ] Cam\u00e9ra volante au travail - Chassimages\" \/>\n<meta property=\"og:description\" content=\"[vc_single_image image=\u00a0\u00bb14012&Prime; img_size=\u00a0\u00bbfull\u00a0\u00bb alignment=\u00a0\u00bbcenter\u00a0\u00bb]Savez-vous qu&rsquo;un grand nombre de photographes prom\u00e8nent d\u00e9sormais un drone dans leur fourre-tout? On s&rsquo;en doutait d\u00e9j\u00e0 un peu mais, durant la pr\u00e9paration du dossier paraissant dans Chasseur d&rsquo;Images n\u00b0402, nous avons \u00e9t\u00e9 surpris par le nombre de photographes qui utilisent ce type de mat\u00e9riel de fa\u00e7on quasi quotidienne, au point de [&hellip;]\" \/>\n<meta property=\"og:url\" content=\"https:\/\/www.chassimages.com\/index.php\/2018\/03\/12\/defi-drone\/\" \/>\n<meta property=\"og:site_name\" content=\"Chassimages\" \/>\n<meta property=\"article:publisher\" content=\"https:\/\/www.facebook.com\/chasseurimages\/\" \/>\n<meta property=\"article:author\" content=\"https:\/\/www.facebook.com\/guymichel.cogne\" \/>\n<meta property=\"article:published_time\" content=\"2018-03-12T19:03:46+00:00\" \/>\n<meta property=\"og:image\" content=\"https:\/\/www.chassimages.com\/mag\/wp-content\/uploads\/2018\/03\/Tokyo-square.jpg\" \/>\n\t<meta property=\"og:image:width\" content=\"1920\" \/>\n\t<meta property=\"og:image:height\" content=\"1080\" \/>\n\t<meta property=\"og:image:type\" content=\"image\/jpeg\" \/>\n<meta name=\"author\" content=\"GMC\" \/>\n<meta name=\"twitter:card\" content=\"summary_large_image\" \/>\n<meta name=\"twitter:creator\" content=\"@https:\/\/twitter.com\/guymichelcogne\" \/>\n<meta name=\"twitter:label1\" content=\"\u00c9crit par\" \/>\n\t<meta name=\"twitter:data1\" content=\"GMC\" \/>\n\t<meta name=\"twitter:label2\" content=\"Dur\u00e9e de lecture estim\u00e9e\" \/>\n\t<meta name=\"twitter:data2\" content=\"2 minutes\" \/>\n<script type=\"application\/ld+json\" class=\"yoast-schema-graph\">{\"@context\":\"https:\\\/\\\/schema.org\",\"@graph\":[{\"@type\":\"Article\",\"@id\":\"https:\\\/\\\/www.chassimages.com\\\/index.php\\\/2018\\\/03\\\/12\\\/defi-drone\\\/#article\",\"isPartOf\":{\"@id\":\"https:\\\/\\\/www.chassimages.com\\\/index.php\\\/2018\\\/03\\\/12\\\/defi-drone\\\/\"},\"author\":{\"name\":\"GMC\",\"@id\":\"https:\\\/\\\/www.chassimages.com\\\/#\\\/schema\\\/person\\\/94932974fef5953dceb2807ae112075b\"},\"headline\":\"[ Image du jour ] Cam\u00e9ra volante au travail\",\"datePublished\":\"2018-03-12T19:03:46+00:00\",\"mainEntityOfPage\":{\"@id\":\"https:\\\/\\\/www.chassimages.com\\\/index.php\\\/2018\\\/03\\\/12\\\/defi-drone\\\/\"},\"wordCount\":439,\"publisher\":{\"@id\":\"https:\\\/\\\/www.chassimages.com\\\/#organization\"},\"image\":{\"@id\":\"https:\\\/\\\/www.chassimages.com\\\/index.php\\\/2018\\\/03\\\/12\\\/defi-drone\\\/#primaryimage\"},\"thumbnailUrl\":\"https:\\\/\\\/www.chassimages.com\\\/mag\\\/wp-content\\\/uploads\\\/2018\\\/03\\\/Tokyo-square.jpg\",\"keywords\":[\"#ci402\",\"Drones\",\"Image du Jour\"],\"articleSection\":[\"Image du Jour\"],\"inLanguage\":\"fr-FR\"},{\"@type\":\"WebPage\",\"@id\":\"https:\\\/\\\/www.chassimages.com\\\/index.php\\\/2018\\\/03\\\/12\\\/defi-drone\\\/\",\"url\":\"https:\\\/\\\/www.chassimages.com\\\/index.php\\\/2018\\\/03\\\/12\\\/defi-drone\\\/\",\"name\":\"[ Image du jour ] Cam\u00e9ra volante au travail - Chassimages\",\"isPartOf\":{\"@id\":\"https:\\\/\\\/www.chassimages.com\\\/#website\"},\"primaryImageOfPage\":{\"@id\":\"https:\\\/\\\/www.chassimages.com\\\/index.php\\\/2018\\\/03\\\/12\\\/defi-drone\\\/#primaryimage\"},\"image\":{\"@id\":\"https:\\\/\\\/www.chassimages.com\\\/index.php\\\/2018\\\/03\\\/12\\\/defi-drone\\\/#primaryimage\"},\"thumbnailUrl\":\"https:\\\/\\\/www.chassimages.com\\\/mag\\\/wp-content\\\/uploads\\\/2018\\\/03\\\/Tokyo-square.jpg\",\"datePublished\":\"2018-03-12T19:03:46+00:00\",\"breadcrumb\":{\"@id\":\"https:\\\/\\\/www.chassimages.com\\\/index.php\\\/2018\\\/03\\\/12\\\/defi-drone\\\/#breadcrumb\"},\"inLanguage\":\"fr-FR\",\"potentialAction\":[{\"@type\":\"ReadAction\",\"target\":[\"https:\\\/\\\/www.chassimages.com\\\/index.php\\\/2018\\\/03\\\/12\\\/defi-drone\\\/\"]}]},{\"@type\":\"ImageObject\",\"inLanguage\":\"fr-FR\",\"@id\":\"https:\\\/\\\/www.chassimages.com\\\/index.php\\\/2018\\\/03\\\/12\\\/defi-drone\\\/#primaryimage\",\"url\":\"https:\\\/\\\/www.chassimages.com\\\/mag\\\/wp-content\\\/uploads\\\/2018\\\/03\\\/Tokyo-square.jpg\",\"contentUrl\":\"https:\\\/\\\/www.chassimages.com\\\/mag\\\/wp-content\\\/uploads\\\/2018\\\/03\\\/Tokyo-square.jpg\",\"width\":1920,\"height\":1080,\"caption\":\"Tokyo Square, par Marc P\u00e9lissier \\\/ Chasseur d'Images n\u00b0 402\"},{\"@type\":\"BreadcrumbList\",\"@id\":\"https:\\\/\\\/www.chassimages.com\\\/index.php\\\/2018\\\/03\\\/12\\\/defi-drone\\\/#breadcrumb\",\"itemListElement\":[{\"@type\":\"ListItem\",\"position\":1,\"name\":\"Accueil\",\"item\":\"https:\\\/\\\/www.chassimages.com\\\/\"},{\"@type\":\"ListItem\",\"position\":2,\"name\":\"[ Image du jour ] Cam\u00e9ra volante au travail\"}]},{\"@type\":\"WebSite\",\"@id\":\"https:\\\/\\\/www.chassimages.com\\\/#website\",\"url\":\"https:\\\/\\\/www.chassimages.com\\\/\",\"name\":\"Chassimages\",\"description\":\"\",\"publisher\":{\"@id\":\"https:\\\/\\\/www.chassimages.com\\\/#organization\"},\"potentialAction\":[{\"@type\":\"SearchAction\",\"target\":{\"@type\":\"EntryPoint\",\"urlTemplate\":\"https:\\\/\\\/www.chassimages.com\\\/?s={search_term_string}\"},\"query-input\":{\"@type\":\"PropertyValueSpecification\",\"valueRequired\":true,\"valueName\":\"search_term_string\"}}],\"inLanguage\":\"fr-FR\"},{\"@type\":\"Organization\",\"@id\":\"https:\\\/\\\/www.chassimages.com\\\/#organization\",\"name\":\"Editions JIBENA\",\"alternateName\":\"JIBENA\",\"url\":\"https:\\\/\\\/www.chassimages.com\\\/\",\"logo\":{\"@type\":\"ImageObject\",\"inLanguage\":\"fr-FR\",\"@id\":\"https:\\\/\\\/www.chassimages.com\\\/#\\\/schema\\\/logo\\\/image\\\/\",\"url\":\"https:\\\/\\\/www.chassimages.com\\\/mag\\\/wp-content\\\/uploads\\\/2024\\\/03\\\/images.jpg\",\"contentUrl\":\"https:\\\/\\\/www.chassimages.com\\\/mag\\\/wp-content\\\/uploads\\\/2024\\\/03\\\/images.jpg\",\"width\":396,\"height\":127,\"caption\":\"Editions JIBENA\"},\"image\":{\"@id\":\"https:\\\/\\\/www.chassimages.com\\\/#\\\/schema\\\/logo\\\/image\\\/\"},\"sameAs\":[\"https:\\\/\\\/www.facebook.com\\\/chasseurimages\\\/\",\"https:\\\/\\\/www.instagram.com\\\/chassimages\\\/\"]},{\"@type\":\"Person\",\"@id\":\"https:\\\/\\\/www.chassimages.com\\\/#\\\/schema\\\/person\\\/94932974fef5953dceb2807ae112075b\",\"name\":\"GMC\",\"image\":{\"@type\":\"ImageObject\",\"inLanguage\":\"fr-FR\",\"@id\":\"https:\\\/\\\/secure.gravatar.com\\\/avatar\\\/c19674b4cbf5ff1bc5f14c0adb34e8c393edf9fe9353f2004d172b93fbf963e9?s=96&d=mm&r=g\",\"url\":\"https:\\\/\\\/secure.gravatar.com\\\/avatar\\\/c19674b4cbf5ff1bc5f14c0adb34e8c393edf9fe9353f2004d172b93fbf963e9?s=96&d=mm&r=g\",\"contentUrl\":\"https:\\\/\\\/secure.gravatar.com\\\/avatar\\\/c19674b4cbf5ff1bc5f14c0adb34e8c393edf9fe9353f2004d172b93fbf963e9?s=96&d=mm&r=g\",\"caption\":\"GMC\"},\"description\":\"GMC, Guy-Michel Cogn\u00e9, propulseur de nouvelles id\u00e9es depuis 1976 (rien que \u00e7a!). On lui doit Chasseur d'Images, Nat'Images, chassimages.com et pas mal d'autres choses. On dit de lui que c'est un gros nounours, parfois tr\u00e8s mal l\u00e9ch\u00e9, mais c'est pas vrai du tout: il dit juste tout haut ce qu'il n'a pas envie de dire tout bas et, parfois, \u00e7a accrochee un peu.\",\"sameAs\":[\"https:\\\/\\\/rockylinux.jibena.lan\\\/mag\",\"https:\\\/\\\/www.facebook.com\\\/guymichel.cogne\",\"https:\\\/\\\/x.com\\\/https:\\\/\\\/twitter.com\\\/guymichelcogne\"],\"url\":\"https:\\\/\\\/www.chassimages.com\\\/index.php\\\/author\\\/gmc\\\/\"}]}<\/script>\n<!-- \/ Yoast SEO plugin. -->","yoast_head_json":{"title":"[ Image du jour ] Cam\u00e9ra volante au travail - Chassimages","robots":{"index":"index","follow":"follow","max-snippet":"max-snippet:-1","max-image-preview":"max-image-preview:large","max-video-preview":"max-video-preview:-1"},"canonical":"https:\/\/www.chassimages.com\/index.php\/2018\/03\/12\/defi-drone\/","og_locale":"fr_FR","og_type":"article","og_title":"[ Image du jour ] Cam\u00e9ra volante au travail - Chassimages","og_description":"[vc_single_image image=\u00a0\u00bb14012&Prime; img_size=\u00a0\u00bbfull\u00a0\u00bb alignment=\u00a0\u00bbcenter\u00a0\u00bb]Savez-vous qu&rsquo;un grand nombre de photographes prom\u00e8nent d\u00e9sormais un drone dans leur fourre-tout? On s&rsquo;en doutait d\u00e9j\u00e0 un peu mais, durant la pr\u00e9paration du dossier paraissant dans Chasseur d&rsquo;Images n\u00b0402, nous avons \u00e9t\u00e9 surpris par le nombre de photographes qui utilisent ce type de mat\u00e9riel de fa\u00e7on quasi quotidienne, au point de [&hellip;]","og_url":"https:\/\/www.chassimages.com\/index.php\/2018\/03\/12\/defi-drone\/","og_site_name":"Chassimages","article_publisher":"https:\/\/www.facebook.com\/chasseurimages\/","article_author":"https:\/\/www.facebook.com\/guymichel.cogne","article_published_time":"2018-03-12T19:03:46+00:00","og_image":[{"width":1920,"height":1080,"url":"https:\/\/www.chassimages.com\/mag\/wp-content\/uploads\/2018\/03\/Tokyo-square.jpg","type":"image\/jpeg"}],"author":"GMC","twitter_card":"summary_large_image","twitter_creator":"@https:\/\/twitter.com\/guymichelcogne","twitter_misc":{"\u00c9crit par":"GMC","Dur\u00e9e de lecture estim\u00e9e":"2 minutes"},"schema":{"@context":"https:\/\/schema.org","@graph":[{"@type":"Article","@id":"https:\/\/www.chassimages.com\/index.php\/2018\/03\/12\/defi-drone\/#article","isPartOf":{"@id":"https:\/\/www.chassimages.com\/index.php\/2018\/03\/12\/defi-drone\/"},"author":{"name":"GMC","@id":"https:\/\/www.chassimages.com\/#\/schema\/person\/94932974fef5953dceb2807ae112075b"},"headline":"[ Image du jour ] Cam\u00e9ra volante au travail","datePublished":"2018-03-12T19:03:46+00:00","mainEntityOfPage":{"@id":"https:\/\/www.chassimages.com\/index.php\/2018\/03\/12\/defi-drone\/"},"wordCount":439,"publisher":{"@id":"https:\/\/www.chassimages.com\/#organization"},"image":{"@id":"https:\/\/www.chassimages.com\/index.php\/2018\/03\/12\/defi-drone\/#primaryimage"},"thumbnailUrl":"https:\/\/www.chassimages.com\/mag\/wp-content\/uploads\/2018\/03\/Tokyo-square.jpg","keywords":["#ci402","Drones","Image du Jour"],"articleSection":["Image du Jour"],"inLanguage":"fr-FR"},{"@type":"WebPage","@id":"https:\/\/www.chassimages.com\/index.php\/2018\/03\/12\/defi-drone\/","url":"https:\/\/www.chassimages.com\/index.php\/2018\/03\/12\/defi-drone\/","name":"[ Image du jour ] Cam\u00e9ra volante au travail - Chassimages","isPartOf":{"@id":"https:\/\/www.chassimages.com\/#website"},"primaryImageOfPage":{"@id":"https:\/\/www.chassimages.com\/index.php\/2018\/03\/12\/defi-drone\/#primaryimage"},"image":{"@id":"https:\/\/www.chassimages.com\/index.php\/2018\/03\/12\/defi-drone\/#primaryimage"},"thumbnailUrl":"https:\/\/www.chassimages.com\/mag\/wp-content\/uploads\/2018\/03\/Tokyo-square.jpg","datePublished":"2018-03-12T19:03:46+00:00","breadcrumb":{"@id":"https:\/\/www.chassimages.com\/index.php\/2018\/03\/12\/defi-drone\/#breadcrumb"},"inLanguage":"fr-FR","potentialAction":[{"@type":"ReadAction","target":["https:\/\/www.chassimages.com\/index.php\/2018\/03\/12\/defi-drone\/"]}]},{"@type":"ImageObject","inLanguage":"fr-FR","@id":"https:\/\/www.chassimages.com\/index.php\/2018\/03\/12\/defi-drone\/#primaryimage","url":"https:\/\/www.chassimages.com\/mag\/wp-content\/uploads\/2018\/03\/Tokyo-square.jpg","contentUrl":"https:\/\/www.chassimages.com\/mag\/wp-content\/uploads\/2018\/03\/Tokyo-square.jpg","width":1920,"height":1080,"caption":"Tokyo Square, par Marc P\u00e9lissier \/ Chasseur d'Images n\u00b0 402"},{"@type":"BreadcrumbList","@id":"https:\/\/www.chassimages.com\/index.php\/2018\/03\/12\/defi-drone\/#breadcrumb","itemListElement":[{"@type":"ListItem","position":1,"name":"Accueil","item":"https:\/\/www.chassimages.com\/"},{"@type":"ListItem","position":2,"name":"[ Image du jour ] Cam\u00e9ra volante au travail"}]},{"@type":"WebSite","@id":"https:\/\/www.chassimages.com\/#website","url":"https:\/\/www.chassimages.com\/","name":"Chassimages","description":"","publisher":{"@id":"https:\/\/www.chassimages.com\/#organization"},"potentialAction":[{"@type":"SearchAction","target":{"@type":"EntryPoint","urlTemplate":"https:\/\/www.chassimages.com\/?s={search_term_string}"},"query-input":{"@type":"PropertyValueSpecification","valueRequired":true,"valueName":"search_term_string"}}],"inLanguage":"fr-FR"},{"@type":"Organization","@id":"https:\/\/www.chassimages.com\/#organization","name":"Editions JIBENA","alternateName":"JIBENA","url":"https:\/\/www.chassimages.com\/","logo":{"@type":"ImageObject","inLanguage":"fr-FR","@id":"https:\/\/www.chassimages.com\/#\/schema\/logo\/image\/","url":"https:\/\/www.chassimages.com\/mag\/wp-content\/uploads\/2024\/03\/images.jpg","contentUrl":"https:\/\/www.chassimages.com\/mag\/wp-content\/uploads\/2024\/03\/images.jpg","width":396,"height":127,"caption":"Editions JIBENA"},"image":{"@id":"https:\/\/www.chassimages.com\/#\/schema\/logo\/image\/"},"sameAs":["https:\/\/www.facebook.com\/chasseurimages\/","https:\/\/www.instagram.com\/chassimages\/"]},{"@type":"Person","@id":"https:\/\/www.chassimages.com\/#\/schema\/person\/94932974fef5953dceb2807ae112075b","name":"GMC","image":{"@type":"ImageObject","inLanguage":"fr-FR","@id":"https:\/\/secure.gravatar.com\/avatar\/c19674b4cbf5ff1bc5f14c0adb34e8c393edf9fe9353f2004d172b93fbf963e9?s=96&d=mm&r=g","url":"https:\/\/secure.gravatar.com\/avatar\/c19674b4cbf5ff1bc5f14c0adb34e8c393edf9fe9353f2004d172b93fbf963e9?s=96&d=mm&r=g","contentUrl":"https:\/\/secure.gravatar.com\/avatar\/c19674b4cbf5ff1bc5f14c0adb34e8c393edf9fe9353f2004d172b93fbf963e9?s=96&d=mm&r=g","caption":"GMC"},"description":"GMC, Guy-Michel Cogn\u00e9, propulseur de nouvelles id\u00e9es depuis 1976 (rien que \u00e7a!). On lui doit Chasseur d'Images, Nat'Images, chassimages.com et pas mal d'autres choses. On dit de lui que c'est un gros nounours, parfois tr\u00e8s mal l\u00e9ch\u00e9, mais c'est pas vrai du tout: il dit juste tout haut ce qu'il n'a pas envie de dire tout bas et, parfois, \u00e7a accrochee un peu.","sameAs":["https:\/\/rockylinux.jibena.lan\/mag","https:\/\/www.facebook.com\/guymichel.cogne","https:\/\/x.com\/https:\/\/twitter.com\/guymichelcogne"],"url":"https:\/\/www.chassimages.com\/index.php\/author\/gmc\/"}]}},"_links":{"self":[{"href":"https:\/\/www.chassimages.com\/index.php\/wp-json\/wp\/v2\/posts\/14008","targetHints":{"allow":["GET"]}}],"collection":[{"href":"https:\/\/www.chassimages.com\/index.php\/wp-json\/wp\/v2\/posts"}],"about":[{"href":"https:\/\/www.chassimages.com\/index.php\/wp-json\/wp\/v2\/types\/post"}],"author":[{"embeddable":true,"href":"https:\/\/www.chassimages.com\/index.php\/wp-json\/wp\/v2\/users\/6"}],"replies":[{"embeddable":true,"href":"https:\/\/www.chassimages.com\/index.php\/wp-json\/wp\/v2\/comments?post=14008"}],"version-history":[{"count":6,"href":"https:\/\/www.chassimages.com\/index.php\/wp-json\/wp\/v2\/posts\/14008\/revisions"}],"predecessor-version":[{"id":14015,"href":"https:\/\/www.chassimages.com\/index.php\/wp-json\/wp\/v2\/posts\/14008\/revisions\/14015"}],"wp:featuredmedia":[{"embeddable":true,"href":"https:\/\/www.chassimages.com\/index.php\/wp-json\/wp\/v2\/media\/14012"}],"wp:attachment":[{"href":"https:\/\/www.chassimages.com\/index.php\/wp-json\/wp\/v2\/media?parent=14008"}],"wp:term":[{"taxonomy":"category","embeddable":true,"href":"https:\/\/www.chassimages.com\/index.php\/wp-json\/wp\/v2\/categories?post=14008"},{"taxonomy":"post_tag","embeddable":true,"href":"https:\/\/www.chassimages.com\/index.php\/wp-json\/wp\/v2\/tags?post=14008"}],"curies":[{"name":"wp","href":"https:\/\/api.w.org\/{rel}","templated":true}]}}