{"id":52934,"date":"2026-03-12T05:00:35","date_gmt":"2026-03-12T04:00:35","guid":{"rendered":"https:\/\/www.chassimages.com\/?p=52934"},"modified":"2026-03-16T15:51:02","modified_gmt":"2026-03-16T14:51:02","slug":"clique-clac-416","status":"publish","type":"post","link":"https:\/\/www.chassimages.com\/index.php\/2026\/03\/12\/clique-clac-416\/","title":{"rendered":"Clique Clac #416"},"content":{"rendered":"[et_pb_section fb_built=\u00a0\u00bb1&Prime; admin_label=\u00a0\u00bbsection\u00a0\u00bb _builder_version=\u00a0\u00bb4.16&Prime; global_colors_info=\u00a0\u00bb{}\u00a0\u00bb][et_pb_row _builder_version=\u00a0\u00bb4.24.2&Prime; _module_preset=\u00a0\u00bbdefault\u00a0\u00bb global_colors_info=\u00a0\u00bb{}\u00a0\u00bb][et_pb_column type=\u00a0\u00bb4_4&Prime; _builder_version=\u00a0\u00bb4.24.2&Prime; _module_preset=\u00a0\u00bbdefault\u00a0\u00bb global_colors_info=\u00a0\u00bb{}\u00a0\u00bb][et_pb_text _builder_version=\u00a0\u00bb4.27.4&Prime; _module_preset=\u00a0\u00bbdefault\u00a0\u00bb text_font=\u00a0\u00bbArial||||||||\u00a0\u00bb text_font_size=\u00a0\u00bb18px\u00a0\u00bb text_line_height=\u00a0\u00bb1.9em\u00a0\u00bb custom_padding=\u00a0\u00bb7px|||||\u00a0\u00bb global_colors_info=\u00a0\u00bb{}\u00a0\u00bb]\n<div dir=\"ltr\" data-setdir=\"false\">\n<div dir=\"ltr\">\n<div><\/div>\n<\/div>\n<div dir=\"ltr\"><span><span style=\"background-color: inherit; font-family: Helvetica Neue, Helvetica, Arial, sans-serif;\"><span style=\"font-family: Helvetica Neue, Helvetica, Arial, sans-serif;\">\u00c0 l\u2019occasion de l\u2019exposition <a href=\"https:\/\/www.museeliberation-leclerc-moulin.paris.fr\/expositions\/robert-capa-photographe-de-guerre\" class=\"ydpaf585910yiv3989570938ydp6db02b00yiv1896388650ydpaa9ac007yiv4737554283ydpdbfb261eyiv3622420989ydp149ce44cyiv1169539630ydpd25b330ayiv0460396710ydpdb76cd7fyiv9724806101ydpa7797f36yiv0880351843ydpa2dd8fd9yiv6453091794ydpfa8b94dbyiv6492773912ydp47dc17a0yiv1339915558ydp84c3478byiv1993920660ydpe305957eyiv6003595168ydp1d0fac4cyiv3781748872enhancr_card_2182979256\" rel=\"nofollow noopener\" target=\"_blank\"><strong>\u00ab\u00a0Ropert Capa, photographe de guerre\u00a0\u00bb<\/strong><\/a> pr\u00e9sent\u00e9e au mus\u00e9e de la Lib\u00e9ration \u00e0 Paris, L\u2019Oeil de l\u2019Info a concoct\u00e9 une \u00e9dition sp\u00e9ciale enti\u00e8rement consacr\u00e9 \u00e0 celui qui, des campagnes de Cordoue aux plages de Normandie,\u00a0est devenu la figure embl\u00e9matique du photojournaliste.\u00a0Au sommaire : <strong><a href=\"https:\/\/www.loeildelinfo.fr\/2026\/02\/20\/musee-de-la-liberation-robert-capa-photographe-de-guerre\/#more-58433\" class=\"ydpaf585910yiv3989570938ydp6db02b00yiv1896388650ydpaa9ac007yiv4737554283ydpdbfb261eyiv3622420989ydp149ce44cyiv1169539630ydpd25b330ayiv0460396710ydpdb76cd7fyiv9724806101ydpa7797f36yiv0880351843ydpa2dd8fd9yiv6453091794ydpfa8b94dbyiv6492773912ydp47dc17a0yiv1339915558ydp84c3478byiv1993920660ydpe305957eyiv6003595168ydp1d0fac4cyiv3781748872enhancr_card_1952880554\" rel=\"nofollow noopener\" target=\"_blank\">une visite de l\u2019exposition<\/a><\/strong> par Gilles Courtinat, une int\u00e9ressante interview de son co-commissaire, <strong><a href=\"https:\/\/www.loeildelinfo.fr\/2026\/02\/20\/michel-lefebvre-on-ne-sennuie-jamais-avec-capa\/#more-58077\" class=\"ydpaf585910yiv3989570938ydp6db02b00yiv1896388650ydpaa9ac007yiv4737554283ydpdbfb261eyiv3622420989ydp149ce44cyiv1169539630ydpd25b330ayiv0460396710ydpdb76cd7fyiv9724806101ydpa7797f36yiv0880351843ydpa2dd8fd9yiv6453091794ydpfa8b94dbyiv6492773912ydp47dc17a0yiv1339915558ydp84c3478byiv1993920660ydpe305957eyiv6003595168ydp1d0fac4cyiv3781748872enhancr_card_2419360186\" rel=\"nofollow noopener\" target=\"_blank\">Michel Lefevbre<\/a><\/strong>, un article sur le r\u00f4le de Capa dans la<strong> <a href=\"https:\/\/www.loeildelinfo.fr\/2026\/02\/20\/chez-magnum-cetait-capa-le-patron\/#more-58420\" class=\"ydpaf585910yiv3989570938ydp6db02b00yiv1896388650ydpaa9ac007yiv4737554283ydpdbfb261eyiv3622420989ydp149ce44cyiv1169539630ydpd25b330ayiv0460396710ydpdb76cd7fyiv9724806101ydpa7797f36yiv0880351843ydpa2dd8fd9yiv6453091794ydpfa8b94dbyiv6492773912ydp47dc17a0yiv1339915558ydp84c3478byiv1993920660ydpe305957eyiv6003595168ydp1d0fac4cyiv3781748872enhancr_card_2296210653\" rel=\"nofollow noopener\" target=\"_blank\">cr\u00e9ation de l\u2019agence Magnum<\/a> <\/strong>(<em>\u00ab\u00a0Ce n&rsquo;\u00e9tait pas un tendre !\u00a0\u00bb<\/em>), un extrait de son autobiographie <em>Slightly out of focus<\/em> \u00e0 propos de la journ\u00e9e du <strong><a href=\"https:\/\/www.loeildelinfo.fr\/2026\/02\/20\/capa-6-juin-44-la-plage-la-plus-laide-du-monde\/#more-58445\" class=\"ydpaf585910yiv3989570938ydp6db02b00yiv1896388650ydpaa9ac007yiv4737554283ydpdbfb261eyiv3622420989ydp149ce44cyiv1169539630ydpd25b330ayiv0460396710ydpdb76cd7fyiv9724806101ydpa7797f36yiv0880351843ydpa2dd8fd9yiv6453091794ydpfa8b94dbyiv6492773912ydp47dc17a0yiv1339915558ydp84c3478byiv1993920660ydpe305957eyiv6003595168ydp1d0fac4cyiv3781748872enhancr_card_1789110335\" rel=\"nofollow noopener\" target=\"_blank\">6 juin 1944<\/a><\/strong>, un texte de Dominique Aubert rapportant <a href=\"https:\/\/www.loeildelinfo.fr\/2026\/02\/20\/vintage-signe-robert-capa\/#more-58453\" class=\"ydpaf585910yiv3989570938ydp6db02b00yiv1896388650ydpaa9ac007yiv4737554283ydpdbfb261eyiv3622420989ydp149ce44cyiv1169539630ydpd25b330ayiv0460396710ydpdb76cd7fyiv9724806101ydpa7797f36yiv0880351843ydpa2dd8fd9yiv6453091794ydpfa8b94dbyiv6492773912ydp47dc17a0yiv1339915558ydp84c3478byiv1993920660ydpe305957eyiv6003595168ydp1d0fac4cyiv3781748872enhancr_card_2069471322\" rel=\"nofollow noopener\" target=\"_blank\"><strong>une conversation avec Isabella Rossellini<\/strong><\/a> (dont la m\u00e8re, Ingrid Bergman, eut une relation avec Capa) et\u00a0une recension de la bande dessin\u00e9e <em><strong><a href=\"https:\/\/www.loeildelinfo.fr\/2026\/02\/20\/gerda-taro-dans-lombre-de-capaune-photographe-hors-norme\/#more-58264\" class=\"ydpaf585910yiv3989570938ydp6db02b00yiv1896388650ydpaa9ac007yiv4737554283ydpdbfb261eyiv3622420989ydp149ce44cyiv1169539630ydpd25b330ayiv0460396710ydpdb76cd7fyiv9724806101ydpa7797f36yiv0880351843ydpa2dd8fd9yiv6453091794ydpfa8b94dbyiv6492773912ydp47dc17a0yiv1339915558ydp84c3478byiv1993920660ydpe305957eyiv6003595168ydp1d0fac4cyiv3781748872enhancr_card_2591015580\" rel=\"nofollow noopener\" target=\"_blank\">Gerda Taro, une photographe en guerre<\/a><\/strong><\/em>, parue l&rsquo;automne dernier aux \u00e9ditions La bo\u00eete \u00e0 bulles. Dans cette compilation d&rsquo;articles,\u00a0il y aussi de jolies trouvailles, comme <a href=\"https:\/\/www.icp.org\/news\/robert-capa-1947-radio-interview\" class=\"ydpaf585910yiv3989570938ydp6db02b00yiv1896388650ydpaa9ac007yiv4737554283ydpdbfb261eyiv3622420989ydp149ce44cyiv1169539630ydpd25b330ayiv0460396710ydpdb76cd7fyiv9724806101ydpa7797f36yiv0880351843ydpa2dd8fd9yiv6453091794ydpfa8b94dbyiv6492773912ydp47dc17a0yiv1339915558ydp84c3478byiv1993920660ydpe305957eyiv6003595168ydp1d0fac4cyiv3781748872enhancr_card_2252470322\" rel=\"nofollow noopener\" target=\"_blank\"><strong>cet enregistrement<\/strong><\/a> (le seul connu) de la voix de Capa. On en ajoute deux autres : <a href=\"https:\/\/www.france.tv\/films\/8025066-la-photographe.html#about-section\" rel=\"nofollow noopener\" target=\"_blank\"><strong>ce court-m\u00e9trage de fiction<\/strong><\/a> \u00e9voquant les ann\u00e9es parisiennes de\u00a0Gerta Pohorylle et Endre Friedmann et\u00a0<strong><a href=\"https:\/\/www.youtube.com\/watch?v=s1ydk2daQt8\" class=\"ydpaf585910yiv3989570938ydp6db02b00yiv1896388650ydpaa9ac007yiv4737554283ydpdbfb261eyiv3622420989ydp149ce44cyiv1169539630ydpd25b330ayiv0460396710ydpdb76cd7fyiv9724806101ydpa7797f36yiv0880351843ydpa2dd8fd9yiv6453091794ydpfa8b94dbyiv6492773912enhancr_card_2389201787\" rel=\"nofollow noopener\" target=\"_blank\">cette vid\u00e9o<\/a> <\/strong>o\u00f9\u00a0Rafa\u0142 Milach et Mark Power, deux membres actuels de Magnum, tirent tour \u00e0 tour des cartes-questions. Premi\u00e8re d&rsquo;entre elles : <em>\u00ab\u00a0Si tu pouvais poser une question \u00e0 Capa, quelle serait-elle ?\u00a0\u00bb<\/em><\/span><\/span><\/span><\/div>\n<\/div>\n[\/et_pb_text][\/et_pb_column][\/et_pb_row][et_pb_row _builder_version=\u00a0\u00bb4.27.4&Prime; _module_preset=\u00a0\u00bbdefault\u00a0\u00bb global_colors_info=\u00a0\u00bb{}\u00a0\u00bb][et_pb_column type=\u00a0\u00bb4_4&Prime; _builder_version=\u00a0\u00bb4.24.2&Prime; _module_preset=\u00a0\u00bbdefault\u00a0\u00bb global_colors_info=\u00a0\u00bb{}\u00a0\u00bb][et_pb_divider _builder_version=\u00a0\u00bb4.24.2&Prime; _module_preset=\u00a0\u00bbdefault\u00a0\u00bb global_colors_info=\u00a0\u00bb{}\u00a0\u00bb][\/et_pb_divider][\/et_pb_column][\/et_pb_row][et_pb_row column_structure=\u00a0\u00bb1_3,2_3&Prime; _builder_version=\u00a0\u00bb4.24.2&Prime; _module_preset=\u00a0\u00bbdefault\u00a0\u00bb global_colors_info=\u00a0\u00bb{}\u00a0\u00bb][et_pb_column type=\u00a0\u00bb1_3&Prime; _builder_version=\u00a0\u00bb4.24.2&Prime; _module_preset=\u00a0\u00bbdefault\u00a0\u00bb global_colors_info=\u00a0\u00bb{}\u00a0\u00bb][et_pb_image src=\u00a0\u00bbhttps:\/\/www.chassimages.com\/mag\/wp-content\/uploads\/2026\/03\/DEUBNER-300&#215;300.jpeg\u00a0\u00bb title_text=\u00a0\u00bbDEUBNER\u00a0\u00bb url=\u00a0\u00bbhttps:\/\/www.visions.photo\/podcasts\/rebekka-deubner\u00a0\u00bb url_new_window=\u00a0\u00bbon\u00a0\u00bb _builder_version=\u00a0\u00bb4.27.4&Prime; _module_preset=\u00a0\u00bbdefault\u00a0\u00bb global_colors_info=\u00a0\u00bb{}\u00a0\u00bb][\/et_pb_image][\/et_pb_column][et_pb_column type=\u00a0\u00bb2_3&Prime; _builder_version=\u00a0\u00bb4.24.2&Prime; _module_preset=\u00a0\u00bbdefault\u00a0\u00bb global_colors_info=\u00a0\u00bb{}\u00a0\u00bb][et_pb_text _builder_version=\u00a0\u00bb4.27.4&Prime; _module_preset=\u00a0\u00bbdefault\u00a0\u00bb text_font=\u00a0\u00bbArial||||||||\u00a0\u00bb text_font_size=\u00a0\u00bb17px\u00a0\u00bb text_line_height=\u00a0\u00bb1.8em\u00a0\u00bb custom_padding=\u00a0\u00bb||0px|||\u00a0\u00bb global_colors_info=\u00a0\u00bb{}\u00a0\u00bb]\n<p><strong>L&rsquo;APPEL DE FUKUSHIMA<\/strong><\/p>\n<div dir=\"ltr\">\n<div dir=\"ltr\">\n<div dir=\"ltr\">\n<div dir=\"ltr\">\n<div dir=\"ltr\">\n<div dir=\"ltr\">\n<div dir=\"ltr\">Si leur port\u00e9e est discutable, les tribunes ont le m\u00e9rite de pointer les engagements des uns et des autres. Accessoirement, elles permettent aussi de rep\u00e9rer des noms qu&rsquo;on ne connaissait pas. Parmi les signataires d&rsquo;<strong><a href=\"https:\/\/lessoulevementsdelaterre.org\/nous-reaffirmons-la-necessite-de-lantifascisme-aujourdhui\" rel=\"nofollow noopener\" target=\"_blank\">une tribune publi\u00e9e par Les soul\u00e8vements de la Terre<\/a><\/strong> (qui remet les pendules \u00e0 l&rsquo;heure en ces temps orwelliens), on est ainsi tomb\u00e9 sur le nom de Rebekka Deubner, photographe dipl\u00f4m\u00e9e des Gobelins qui a fait du Japon sa principale source d&rsquo;inspiration. Dans une r\u00e9cente interview donn\u00e9e au podcast <a href=\"https:\/\/www.visions.photo\/podcasts\/rebekka-deubner\" class=\"ydpaf585910yiv3989570938ydpd1286923enhancr_card_3530536859 ydpaf585910yiv3989570938enhancr_card_3222647803\" rel=\"nofollow noopener\" target=\"_blank\"><strong>Vision(s)<\/strong><\/a>, elle raconte que la lecture de <em>Barrage contre le Pacifique<\/em> (Duras) puis la d\u00e9couverte d&rsquo;Araki (notamment le travail intime sur la maladie de sa femme) furent d\u00e9cisives dans sa d\u00e9cision d&rsquo;aller \u00e0 Fukushima trois ans apr\u00e8s le tsunami. Rebekka Deubner voulait <em>\u00ab\u00a0se confronter \u00e0 un espace boulevers\u00e9 par les \u00e9l\u00e9ments (&#8230;) mais en refusant tout spectaculaire et en restant dans quelque chose d&rsquo;intime\u00a0\u00bb<\/em>. La s\u00e9rie<strong> <a href=\"https:\/\/rebekkadeubner.com\/projets\/tempete-apres-tempete\" class=\"ydpaf585910yiv3989570938enhancr_card_3730928840\" rel=\"nofollow noopener\" target=\"_blank\">\u00ab\u00a0Temp\u00eate apr\u00e8s temp\u00eate\u00a0\u00bb<\/a><\/strong> m\u00eale ainsi proxiphotographies marines grouillantes de vie et portraits de jeunes Japonais r\u00e9alis\u00e9s au t\u00e9l\u00e9objectif.<\/div>\n<\/div>\n<\/div>\n<\/div>\n<\/div>\n<\/div>\n<\/div>\n[\/et_pb_text][\/et_pb_column][\/et_pb_row][et_pb_row column_structure=\u00a0\u00bb1_3,2_3&Prime; _builder_version=\u00a0\u00bb4.27.4&Prime; _module_preset=\u00a0\u00bbdefault\u00a0\u00bb custom_padding=\u00a0\u00bb22px|3px||3px|false|false\u00a0\u00bb global_colors_info=\u00a0\u00bb{}\u00a0\u00bb][et_pb_column type=\u00a0\u00bb1_3&Prime; _builder_version=\u00a0\u00bb4.24.2&Prime; _module_preset=\u00a0\u00bbdefault\u00a0\u00bb global_colors_info=\u00a0\u00bb{}\u00a0\u00bb][et_pb_image src=\u00a0\u00bbhttps:\/\/www.chassimages.com\/mag\/wp-content\/uploads\/2026\/03\/Asada2-300&#215;300.jpg\u00a0\u00bb title_text=\u00a0\u00bbAsada2&Prime; url=\u00a0\u00bbhttps:\/\/www.france.tv\/films\/films-drame\/8101119-la-famille-asada.html\u00a0\u00bb url_new_window=\u00a0\u00bbon\u00a0\u00bb _builder_version=\u00a0\u00bb4.27.4&Prime; _module_preset=\u00a0\u00bbdefault\u00a0\u00bb global_colors_info=\u00a0\u00bb{}\u00a0\u00bb][\/et_pb_image][\/et_pb_column][et_pb_column type=\u00a0\u00bb2_3&Prime; _builder_version=\u00a0\u00bb4.24.2&Prime; _module_preset=\u00a0\u00bbdefault\u00a0\u00bb global_colors_info=\u00a0\u00bb{}\u00a0\u00bb][et_pb_text _builder_version=\u00a0\u00bb4.27.4&Prime; _module_preset=\u00a0\u00bbdefault\u00a0\u00bb text_font=\u00a0\u00bbArial||||||||\u00a0\u00bb text_font_size=\u00a0\u00bb17px\u00a0\u00bb text_line_height=\u00a0\u00bb1.8em\u00a0\u00bb custom_padding=\u00a0\u00bb||0px|||\u00a0\u00bb global_colors_info=\u00a0\u00bb{}\u00a0\u00bb]\n<div dir=\"ltr\"><strong>L&rsquo;APPEL DU FUKUSHIMA (2)<\/strong><\/div>\n<div dir=\"ltr\">\n<div dir=\"ltr\">\n<div dir=\"ltr\"><span>Dans la famille Asada, chacun a un r\u00eave secret : le p\u00e8re aurait aim\u00e9 \u00eatre pompier, le grand-fr\u00e8re pilote de formule 1 et la m\u00e8re se serait bien imagin\u00e9e en \u00e9pouse de yakuza ! Masashi, lui, a r\u00e9alis\u00e9 le sien : devenir photographe. Gr\u00e2ce \u00e0 son travail, il va permettre \u00e0 chacun de r\u00e9aliser que le bonheur est \u00e0 port\u00e9e de main.<span style=\"background-color: inherit; font-family: Helvetica Neue, Helvetica, Arial, sans-serif;\"><span style=\"font-family: Helvetica Neue, Helvetica, Arial, sans-serif;\">Tel est le synopsis de <em>La famille Asada<\/em>, long-m\u00e9trage de\u00a0Ry\u014dta Nakano\u00a0actuellement visible <a href=\"https:\/\/www.france.tv\/films\/films-drame\/8101119-la-famille-asada.html\" rel=\"nofollow noopener\" target=\"_blank\"><strong>sur la plateforme de France TV<\/strong><\/a>. <\/span><\/span>\u00a0\u00c0 sa sortie en 2023, <em>Le Monde<\/em> n&rsquo;avait pas \u00e9t\u00e9 tendre : <em>\u00ab\u00a0Il n\u2019est de pire \u00e9cueil pour un film sur la photo que d\u2019encha\u00eener comme celui-ci les clich\u00e9s.\u00a0\u00bb<\/em> \u00c0 l&rsquo;autre bout du spectre,<em> Le Parisien<\/em> saluait un <em>\u00ab\u00a0r\u00e9cit authentique et original qui chamboule autant qu\u2019il \u00e9merveille et donne lieu \u00e0 un moment unique de cin\u00e9ma.\u00a0\u00bb<\/em> Chacun se fera son avis&#8230;<\/span><\/div>\n<\/div>\n<\/div>\n[\/et_pb_text][\/et_pb_column][\/et_pb_row][et_pb_row _builder_version=\u00a0\u00bb4.27.0&Prime; _module_preset=\u00a0\u00bbdefault\u00a0\u00bb global_colors_info=\u00a0\u00bb{}\u00a0\u00bb][et_pb_column type=\u00a0\u00bb4_4&Prime; _builder_version=\u00a0\u00bb4.27.0&Prime; _module_preset=\u00a0\u00bbdefault\u00a0\u00bb global_colors_info=\u00a0\u00bb{}\u00a0\u00bb][et_pb_divider _builder_version=\u00a0\u00bb4.27.0&Prime; _module_preset=\u00a0\u00bbdefault\u00a0\u00bb global_colors_info=\u00a0\u00bb{}\u00a0\u00bb][\/et_pb_divider][et_pb_heading title=\u00a0\u00bbpho\u2022pho\u2022photus\u00a0\u00bb title_last_edited=\u00a0\u00bboff|desktop\u00a0\u00bb _builder_version=\u00a0\u00bb4.27.4&Prime; _module_preset=\u00a0\u00bbdefault\u00a0\u00bb title_font=\u00a0\u00bbArial||||||||\u00a0\u00bb title_text_align=\u00a0\u00bbcenter\u00a0\u00bb title_text_color=\u00a0\u00bb#8300E9&Prime; title_font_size=\u00a0\u00bb27px\u00a0\u00bb title_letter_spacing=\u00a0\u00bb9px\u00a0\u00bb background_color=\u00a0\u00bbRGBA(255,255,255,0)\u00a0\u00bb global_colors_info=\u00a0\u00bb{}\u00a0\u00bb title__hover_enabled=\u00a0\u00bboff|desktop\u00a0\u00bb][\/et_pb_heading][et_pb_text _builder_version=\u00a0\u00bb4.27.4&Prime; _module_preset=\u00a0\u00bbdefault\u00a0\u00bb text_font_size=\u00a0\u00bb17px\u00a0\u00bb global_colors_info=\u00a0\u00bb{}\u00a0\u00bb]\n<p>Sur le principe de feu Motus, saurez-vous trouver <a href=\"https:\/\/word.rodeo\/fr\/?utm_source=share#OF\/BmL4CpW8SFALLDKCm9JdJr3wgf6wVtn\/XwIPGg06\/EscFj4GDFg5GRfGJa0yXW31UFjwwHoJVwV5nd9ryzprj6eWOg6stMkJr\" target=\"_blank\" rel=\"noopener\"><strong>ce mot de 9 lettres<\/strong><\/a> en lien avec la photographie ?<\/p>\n<p style=\"text-align: right;\"><em>(indice : <span style=\"color: #ffffff;\">Frederick Scott Archer l&rsquo;amait humide<\/span>)<\/em><\/p>\n[\/et_pb_text][\/et_pb_column][\/et_pb_row][et_pb_row _builder_version=\u00a0\u00bb4.27.0&Prime; _module_preset=\u00a0\u00bbdefault\u00a0\u00bb global_colors_info=\u00a0\u00bb{}\u00a0\u00bb][et_pb_column type=\u00a0\u00bb4_4&Prime; _builder_version=\u00a0\u00bb4.27.0&Prime; _module_preset=\u00a0\u00bbdefault\u00a0\u00bb global_colors_info=\u00a0\u00bb{}\u00a0\u00bb][et_pb_divider _builder_version=\u00a0\u00bb4.27.0&Prime; _module_preset=\u00a0\u00bbdefault\u00a0\u00bb global_colors_info=\u00a0\u00bb{}\u00a0\u00bb][\/et_pb_divider][\/et_pb_column][\/et_pb_row][et_pb_row _builder_version=\u00a0\u00bb4.25.0&Prime; _module_preset=\u00a0\u00bbdefault\u00a0\u00bb global_colors_info=\u00a0\u00bb{}\u00a0\u00bb][et_pb_column type=\u00a0\u00bb4_4&Prime; _builder_version=\u00a0\u00bb4.25.0&Prime; _module_preset=\u00a0\u00bbdefault\u00a0\u00bb global_colors_info=\u00a0\u00bb{}\u00a0\u00bb][et_pb_heading title=\u00a0\u00bbEN BREF ET EN VRAC&#8230;\u00a0\u00bb _builder_version=\u00a0\u00bb4.27.4&Prime; _module_preset=\u00a0\u00bbdefault\u00a0\u00bb title_font=\u00a0\u00bbArial||||||||\u00a0\u00bb title_text_align=\u00a0\u00bbcenter\u00a0\u00bb title_text_color=\u00a0\u00bb#12876F\u00a0\u00bb title_letter_spacing=\u00a0\u00bb20px\u00a0\u00bb background_color=\u00a0\u00bbRGBA(255,255,255,0)\u00a0\u00bb border_color_all=\u00a0\u00bb#E09900&Prime; global_colors_info=\u00a0\u00bb{}\u00a0\u00bb][\/et_pb_heading][\/et_pb_column][\/et_pb_row][et_pb_row column_structure=\u00a0\u00bb1_3,1_3,1_3&Prime; _builder_version=\u00a0\u00bb4.27.0&Prime; _module_preset=\u00a0\u00bbdefault\u00a0\u00bb global_colors_info=\u00a0\u00bb{}\u00a0\u00bb][et_pb_column type=\u00a0\u00bb1_3&Prime; _builder_version=\u00a0\u00bb4.27.0&Prime; _module_preset=\u00a0\u00bbdefault\u00a0\u00bb global_colors_info=\u00a0\u00bb{}\u00a0\u00bb][et_pb_text _builder_version=\u00a0\u00bb4.27.4&Prime; _module_preset=\u00a0\u00bbdefault\u00a0\u00bb text_font=\u00a0\u00bbArial||||||||\u00a0\u00bb text_font_size=\u00a0\u00bb17px\u00a0\u00bb background_color=\u00a0\u00bbRGBA(255,255,255,0)\u00a0\u00bb border_color_all=\u00a0\u00bb#12876F\u00a0\u00bb border_width_left=\u00a0\u00bb6px\u00a0\u00bb global_colors_info=\u00a0\u00bb{}\u00a0\u00bb]\n<div dir=\"ltr\">\n<div dir=\"ltr\">\n<div dir=\"ltr\"><span style=\"font-family: Helvetica Neue, Helvetica, Arial, sans-serif;\"><span>Avis aux candidats aux \u00e9lections municipales : tous les politiciens ayant fait appel \u00e0\u00a0<strong><a href=\"https:\/\/www.francebleu.fr\/bourgogne-franche-comte\/territoire-de-belfort-90\/municipales-2026-on-ne-parle-jamais-de-politique-a-belfort-il-photographie-les-candidats-pour-leur-campagne-6700234\" class=\"ydpaf585910yiv3989570938ydpd1286923enhancr_card_3283592821 ydpaf585910yiv3989570938enhancr_card_3395158230\" rel=\"nofollow noopener\" target=\"_blank\">Jean-Jacques Zumkeller<\/a><\/strong> pour leur affiche l&rsquo;ont emport\u00e9 !<\/span><\/span><\/div>\n<\/div>\n<\/div>\n[\/et_pb_text][et_pb_text _builder_version=\u00a0\u00bb4.27.4&Prime; _module_preset=\u00a0\u00bbdefault\u00a0\u00bb text_font=\u00a0\u00bbArial||||||||\u00a0\u00bb text_font_size=\u00a0\u00bb17px\u00a0\u00bb background_color=\u00a0\u00bbRGBA(255,255,255,0)\u00a0\u00bb border_color_all=\u00a0\u00bb#12876F\u00a0\u00bb border_width_left=\u00a0\u00bb6px\u00a0\u00bb global_colors_info=\u00a0\u00bb{}\u00a0\u00bb]\n<div dir=\"ltr\">\n<div dir=\"ltr\"><span style=\"font-family: Helvetica Neue, Helvetica, Arial, sans-serif;\"><span>TOEM, jeu vid\u00e9o d&rsquo;exploration et d&rsquo;\u00e9nigmes en noir et blanc reposant sur la photographie, va conna\u00eetre <a href=\"https:\/\/www.gamekult.com\/actualite\/toem-2-va-ressortir-l-appareil-photo-l-ete-prochain-3050868803.html\" class=\"ydpaf585910yiv3989570938ydpd1286923enhancr_card_3951695783 ydpaf585910yiv3989570938enhancr_card_3090263782\" rel=\"nofollow noopener\" target=\"_blank\"><strong>un deuxi\u00e8me volet<\/strong><\/a>.<\/span><\/span><\/div>\n<\/div>\n[\/et_pb_text][et_pb_text _builder_version=\u00a0\u00bb4.27.4&Prime; _module_preset=\u00a0\u00bbdefault\u00a0\u00bb text_font=\u00a0\u00bbArial||||||||\u00a0\u00bb text_font_size=\u00a0\u00bb17px\u00a0\u00bb background_color=\u00a0\u00bbRGBA(255,255,255,0)\u00a0\u00bb border_color_all=\u00a0\u00bb#12876F\u00a0\u00bb border_width_left=\u00a0\u00bb6px\u00a0\u00bb global_colors_info=\u00a0\u00bb{}\u00a0\u00bb]\n<div dir=\"ltr\"><span style=\"font-family: Helvetica Neue, Helvetica, Arial, sans-serif;\"><span>L&rsquo;avenir de la photographie serait-il \u00e0 l&rsquo;asc\u00e8se ? Apr\u00e8s l&rsquo;<a href=\"https:\/\/www.notebookcheck.biz\/L-appareil-photo-compact-transparent-de-la-Suisse-permet-d-imprimer-les-photos-au-lieu-de-les-numeriser.1206238.0.html\" class=\"ydpaf585910yiv3989570938ydpd1286923enhancr_card_3989221179 ydpaf585910yiv3989570938enhancr_card_3534340090\" rel=\"nofollow noopener\" target=\"_blank\"><strong>Await Camera<\/strong><\/a> annonc\u00e9e mi-janvier, voici le <strong><a href=\"https:\/\/creapills.com\/marco-appareil-photo-design-strate-design-corentin-aznar-20260302\" class=\"ydpaf585910yiv3989570938ydpd1286923enhancr_card_3108355667 ydpaf585910yiv3989570938enhancr_card_3543161120\" rel=\"nofollow noopener\" target=\"_blank\">Marco<\/a><\/strong>, un appareil photo r\u00e9duit \u00e0 sa plus simple expression.<\/span><\/span><\/div>\n[\/et_pb_text][et_pb_text _builder_version=\u00a0\u00bb4.27.4&Prime; _module_preset=\u00a0\u00bbdefault\u00a0\u00bb text_font=\u00a0\u00bbArial||||||||\u00a0\u00bb text_font_size=\u00a0\u00bb17px\u00a0\u00bb background_color=\u00a0\u00bbRGBA(255,255,255,0)\u00a0\u00bb border_color_all=\u00a0\u00bb#12876F\u00a0\u00bb border_width_left=\u00a0\u00bb6px\u00a0\u00bb global_colors_info=\u00a0\u00bb{}\u00a0\u00bb]\n<div dir=\"ltr\"><span style=\"font-family: Helvetica Neue, Helvetica, Arial, sans-serif;\"><span>\u00ab\u00a0L&rsquo;esprit critique\u00a0\u00bb, podcast de Mediapart, a pass\u00e9 en revue <strong><a href=\"https:\/\/www.mediapart.fr\/journal\/culture-et-idees\/080326\/l-esprit-critique-expositions-photographier-le-present\" class=\"ydpaf585910yiv3989570938ydpd1286923enhancr_card_3436689351 ydpaf585910yiv3989570938enhancr_card_3179778399\" rel=\"nofollow noopener\" target=\"_blank\">les exposition de Martin Parr et Dana Lixenberg<\/a><\/strong>.\u00a0<\/span><\/span><\/div>\n[\/et_pb_text][\/et_pb_column][et_pb_column type=\u00a0\u00bb1_3&Prime; _builder_version=\u00a0\u00bb4.27.0&Prime; _module_preset=\u00a0\u00bbdefault\u00a0\u00bb global_colors_info=\u00a0\u00bb{}\u00a0\u00bb][et_pb_text _builder_version=\u00a0\u00bb4.27.4&Prime; _module_preset=\u00a0\u00bbdefault\u00a0\u00bb text_font=\u00a0\u00bbArial||||||||\u00a0\u00bb text_font_size=\u00a0\u00bb17px\u00a0\u00bb background_color=\u00a0\u00bbRGBA(255,255,255,0)\u00a0\u00bb border_color_all=\u00a0\u00bb#12876F\u00a0\u00bb border_width_left=\u00a0\u00bb6px\u00a0\u00bb global_colors_info=\u00a0\u00bb{}\u00a0\u00bb]\n<div dir=\"ltr\">\n<div dir=\"ltr\">\n<div dir=\"ltr\">\n<div dir=\"ltr\"><span style=\"font-family: Helvetica Neue, Helvetica, Arial, sans-serif;\"><span>\u00c0 partir d&rsquo;une photo de manchot en cir\u00e9, Historia revient sur <a href=\"https:\/\/www.historia.fr\/societe-religions\/vie-quotidienne\/ce-que-revele-vraiment-cette-photographie-insolite-de-1933-montrant-un-pingouin-affuble-dun-cire-2213250\" rel=\"nofollow noopener\" target=\"_blank\"><strong>une curieuse pratique<\/strong><\/a> en vogue au d\u00e9but du XXe si\u00e8cle.<\/span><\/span><\/div>\n<\/div>\n<div dir=\"ltr\"><\/div>\n<\/div>\n<\/div>\n[\/et_pb_text][et_pb_text _builder_version=\u00a0\u00bb4.27.4&Prime; _module_preset=\u00a0\u00bbdefault\u00a0\u00bb text_font=\u00a0\u00bbArial||||||||\u00a0\u00bb text_font_size=\u00a0\u00bb17px\u00a0\u00bb background_color=\u00a0\u00bbRGBA(255,255,255,0)\u00a0\u00bb border_color_all=\u00a0\u00bb#12876F\u00a0\u00bb border_width_left=\u00a0\u00bb6px\u00a0\u00bb global_colors_info=\u00a0\u00bb{}\u00a0\u00bb]\n<div dir=\"ltr\">\n<div dir=\"ltr\">\n<div dir=\"ltr\">\n<div dir=\"ltr\"><span style=\"font-family: Helvetica Neue, Helvetica, Arial, sans-serif;\"><span>Le succ\u00e8s de la Kodak Charmera fait <a href=\"https:\/\/www.mac4ever.com\/divers\/194658-cet-appareil-photo-miniature-a-35-euros-a-un-faux-air-de-nikon-fm2\" class=\"ydpaf585910yiv3989570938ydpd1286923enhancr_card_3293127775 ydpaf585910yiv3989570938enhancr_card_3678123568\" rel=\"nofollow noopener\" target=\"_blank\"><strong>des \u00e9mules<\/strong><\/a>.<\/span><\/span><\/div>\n<\/div>\n<div dir=\"ltr\"><\/div>\n<\/div>\n<\/div>\n[\/et_pb_text][et_pb_text _builder_version=\u00a0\u00bb4.27.4&Prime; _module_preset=\u00a0\u00bbdefault\u00a0\u00bb text_font=\u00a0\u00bbArial||||||||\u00a0\u00bb text_font_size=\u00a0\u00bb17px\u00a0\u00bb background_color=\u00a0\u00bbRGBA(255,255,255,0)\u00a0\u00bb border_color_all=\u00a0\u00bb#12876F\u00a0\u00bb border_width_left=\u00a0\u00bb6px\u00a0\u00bb global_colors_info=\u00a0\u00bb{}\u00a0\u00bb]\n<div dir=\"ltr\">\n<div dir=\"ltr\">\n<div dir=\"ltr\"><span style=\"font-family: Helvetica Neue, Helvetica, Arial, sans-serif;\"><span>\u00c0 Toulouse, une all\u00e9e portera d\u00e9sormais le nom de <a href=\"https:\/\/www.lesviolets.com\/actu\/cet-ancien-photographe-du-tfc-entre-dans-lhistoire-une-rue-portera-son-nom-a-cote-du-stadium,81253.html\" class=\"ydpaf585910yiv3989570938ydpd1286923enhancr_card_3822937754 ydpaf585910yiv3989570938enhancr_card_3831739492\" rel=\"nofollow noopener\" target=\"_blank\"><strong>Michel Viala<\/strong><\/a>, photographe de <em>La D\u00e9p\u00eache du Midi<\/em> disparu il y a un an.<\/span><\/span><\/div>\n<\/div>\n<\/div>\n[\/et_pb_text][et_pb_text _builder_version=\u00a0\u00bb4.27.4&Prime; _module_preset=\u00a0\u00bbdefault\u00a0\u00bb text_font=\u00a0\u00bbArial||||||||\u00a0\u00bb text_font_size=\u00a0\u00bb17px\u00a0\u00bb background_color=\u00a0\u00bbRGBA(255,255,255,0)\u00a0\u00bb border_color_all=\u00a0\u00bb#12876F\u00a0\u00bb border_width_left=\u00a0\u00bb6px\u00a0\u00bb global_colors_info=\u00a0\u00bb{}\u00a0\u00bb]\n<div dir=\"ltr\">\n<div dir=\"ltr\">\n<div dir=\"ltr\">\n<div dir=\"ltr\"><span style=\"font-family: Helvetica Neue, Helvetica, Arial, sans-serif;\"><span>Parce que le bodypainting est un art \u00e9ph\u00e9m\u00e8re, Kazim s&rsquo;est mis \u00e0 la photo pour<strong> <a href=\"https:\/\/france3-regions.franceinfo.fr\/grand-est\/vosges\/insolite-de-graffeur-a-champion-du-monde-de-bodypainting-entre-art-photographie-et-therapie-3309516.html\" rel=\"nofollow noopener\" target=\"_blank\">immortaliser ses \u0153uvres<\/a><\/strong>.\u00a0<\/span><\/span><\/div>\n<\/div>\n<div dir=\"ltr\"><\/div>\n<\/div>\n<\/div>\n[\/et_pb_text][et_pb_text _builder_version=\u00a0\u00bb4.27.4&Prime; _module_preset=\u00a0\u00bbdefault\u00a0\u00bb text_font=\u00a0\u00bbArial||||||||\u00a0\u00bb text_font_size=\u00a0\u00bb17px\u00a0\u00bb background_color=\u00a0\u00bbRGBA(255,255,255,0)\u00a0\u00bb border_color_all=\u00a0\u00bb#12876F\u00a0\u00bb border_width_left=\u00a0\u00bb6px\u00a0\u00bb global_colors_info=\u00a0\u00bb{}\u00a0\u00bb]\n<div dir=\"ltr\">\n<div dir=\"ltr\">\n<div dir=\"ltr\">\n<div dir=\"ltr\"><span style=\"font-family: Helvetica Neue, Helvetica, Arial, sans-serif;\"><span>\u00c0 quoi tient une vocation ? Parfois juste \u00e0 un\u00a0<strong><a href=\"https:\/\/www.francebleu.fr\/emissions\/les-gens-d-ici-ici-orleans\/un-appareil-fisher-price-un-reve-et-aujourd-hui-pio-marmai-devant-l-objectif-de-chloe-d-orleans-8740110\" class=\"ydpaf585910yiv3989570938ydpd1286923enhancr_card_3367222538 ydpaf585910yiv3989570938enhancr_card_3664586782\" rel=\"nofollow noopener\" target=\"_blank\">Fisher-Price Kidizoom<\/a><\/strong> gliss\u00e9 sous le sapin.<\/span><\/span><\/div>\n<\/div>\n<div dir=\"ltr\"><\/div>\n<\/div>\n<\/div>\n[\/et_pb_text][\/et_pb_column][et_pb_column type=\u00a0\u00bb1_3&Prime; _builder_version=\u00a0\u00bb4.27.0&Prime; _module_preset=\u00a0\u00bbdefault\u00a0\u00bb global_colors_info=\u00a0\u00bb{}\u00a0\u00bb][et_pb_text _builder_version=\u00a0\u00bb4.27.4&Prime; _module_preset=\u00a0\u00bbdefault\u00a0\u00bb text_font=\u00a0\u00bbArial||||||||\u00a0\u00bb text_font_size=\u00a0\u00bb17px\u00a0\u00bb background_color=\u00a0\u00bbRGBA(255,255,255,0)\u00a0\u00bb border_color_all=\u00a0\u00bb#12876F\u00a0\u00bb border_width_left=\u00a0\u00bb6px\u00a0\u00bb global_colors_info=\u00a0\u00bb{}\u00a0\u00bb]\n<div dir=\"ltr\">\n<div dir=\"ltr\">\n<div dir=\"ltr\">\n<div dir=\"ltr\"><span style=\"font-family: Helvetica Neue, Helvetica, Arial, sans-serif;\"><span>Avant de mourir, Martin Parr a donn\u00e9 son feu vert \u00e0 <a href=\"https:\/\/pyramyd-editions.com\/products\/2-for-1\" target=\"_blank\" rel=\"noopener\"><strong>un jeu de memory<\/strong><\/a> et \u00e0 <strong><a href=\"https:\/\/www.uniqlo.com\/fr\/fr\/spl\/ut\/the-louvre\" target=\"_blank\" rel=\"noopener\">une collection de t-shirts<\/a><\/strong>.<\/span><\/span><\/div>\n<\/div>\n<div dir=\"ltr\"><\/div>\n<\/div>\n<\/div>\n[\/et_pb_text][et_pb_text _builder_version=\u00a0\u00bb4.27.4&Prime; _module_preset=\u00a0\u00bbdefault\u00a0\u00bb text_font=\u00a0\u00bbArial||||||||\u00a0\u00bb text_font_size=\u00a0\u00bb17px\u00a0\u00bb background_color=\u00a0\u00bbRGBA(255,255,255,0)\u00a0\u00bb border_color_all=\u00a0\u00bb#12876F\u00a0\u00bb border_width_left=\u00a0\u00bb6px\u00a0\u00bb global_colors_info=\u00a0\u00bb{}\u00a0\u00bb]\n<div dir=\"ltr\">\n<div dir=\"ltr\">\n<div dir=\"ltr\">\n<div dir=\"ltr\"><span style=\"font-family: Helvetica Neue, Helvetica, Arial, sans-serif;\"><span>La faune subaquatique est \u00e0 l&rsquo;honneur dans le palmar\u00e8s du <a href=\"https:\/\/underwaterphotographeroftheyear.com\/winners\/2026-winners\/\" target=\"_blank\" rel=\"noopener\"><strong>Underwater Photographer of the Year<\/strong><\/a> (logique) mais aussi dans les <a href=\"https:\/\/www.worldnaturephotographyawards.com\/winners-2026\" target=\"_blank\" rel=\"noopener\"><strong>World Nature Photography Awards<\/strong><\/a>.<\/span><\/span><\/div>\n<\/div>\n<div dir=\"ltr\"><\/div>\n<\/div>\n<\/div>\n[\/et_pb_text][et_pb_text _builder_version=\u00a0\u00bb4.27.4&Prime; _module_preset=\u00a0\u00bbdefault\u00a0\u00bb text_font=\u00a0\u00bbArial||||||||\u00a0\u00bb text_font_size=\u00a0\u00bb17px\u00a0\u00bb background_color=\u00a0\u00bbRGBA(255,255,255,0)\u00a0\u00bb border_color_all=\u00a0\u00bb#12876F\u00a0\u00bb border_width_left=\u00a0\u00bb6px\u00a0\u00bb global_colors_info=\u00a0\u00bb{}\u00a0\u00bb]\n<div dir=\"ltr\"><span style=\"font-family: Helvetica Neue, Helvetica, Arial, sans-serif;\"><span>Si votre adolescence a \u00e9t\u00e9 berc\u00e9e par la musique ind\u00e9 britannique des ann\u00e9es 90, vous devriez prendre plaisir \u00e0 d\u00e9couvrir <strong><a href=\"https:\/\/thequietus.com\/culture\/books\/behind-nme-lines-the-1990s-through-the-lens-of-martyn-goodacre\/\" target=\"_blank\" rel=\"noopener\">les photos de Martyn Goodacre<\/a><\/strong> et \u00e0 lire ses commentaires. Et si vous regrettez l&rsquo;absence de Placebo, <em>Dazed<\/em> a de quoi <a href=\"https:\/\/www.dazeddigital.com\/art-photography\/article\/69698\/1\/placebo-brian-molko-90s-photo-book-scarlet-page-exposed-rock-band-photography\" target=\"_blank\" rel=\"noopener\"><strong>vous contenter<\/strong><\/a>.<\/span><\/span><\/div>\n[\/et_pb_text][\/et_pb_column][\/et_pb_row][et_pb_row _builder_version=\u00a0\u00bb4.27.0&Prime; _module_preset=\u00a0\u00bbdefault\u00a0\u00bb global_colors_info=\u00a0\u00bb{}\u00a0\u00bb][et_pb_column type=\u00a0\u00bb4_4&Prime; _builder_version=\u00a0\u00bb4.27.0&Prime; _module_preset=\u00a0\u00bbdefault\u00a0\u00bb global_colors_info=\u00a0\u00bb{}\u00a0\u00bb][et_pb_divider _builder_version=\u00a0\u00bb4.27.0&Prime; _module_preset=\u00a0\u00bbdefault\u00a0\u00bb global_colors_info=\u00a0\u00bb{}\u00a0\u00bb][\/et_pb_divider][et_pb_heading title=\u00a0\u00bbverbatim\u00a0\u00bb _builder_version=\u00a0\u00bb4.27.4&Prime; _module_preset=\u00a0\u00bbdefault\u00a0\u00bb title_font=\u00a0\u00bbArial||||||||\u00a0\u00bb title_text_color=\u00a0\u00bb#8300E9&Prime; global_colors_info=\u00a0\u00bb{}\u00a0\u00bb][\/et_pb_heading][\/et_pb_column][\/et_pb_row][et_pb_row _builder_version=\u00a0\u00bb4.27.0&Prime; _module_preset=\u00a0\u00bbdefault\u00a0\u00bb global_colors_info=\u00a0\u00bb{}\u00a0\u00bb][et_pb_column type=\u00a0\u00bb4_4&Prime; _builder_version=\u00a0\u00bb4.27.0&Prime; _module_preset=\u00a0\u00bbdefault\u00a0\u00bb global_colors_info=\u00a0\u00bb{}\u00a0\u00bb][et_pb_testimonial author=\u00a0\u00bbGeorgia BARKER\u00a0\u00bb url=\u00a0\u00bbhttps:\/\/www.30millionsdamis.fr\/actualites\/article\/25381-cette-photographe-met-en-lumiere-les-oiseaux-du-royaume-uni\/?sword_list%5B0%5D=commissions&#038;cHash=a7f418164d2aed3e8419a26202a8cb34&Prime; url_new_window=\u00a0\u00bbon\u00a0\u00bb portrait_url=\u00a0\u00bbhttps:\/\/www.chassimages.com\/mag\/wp-content\/uploads\/2026\/03\/G-Barker.jpg\u00a0\u00bb _builder_version=\u00a0\u00bb4.27.4&Prime; _module_preset=\u00a0\u00bbdefault\u00a0\u00bb body_font=\u00a0\u00bbArial||||||||\u00a0\u00bb body_font_size=\u00a0\u00bb17px\u00a0\u00bb link_option_url=\u00a0\u00bbhttps:\/\/www.30millionsdamis.fr\/actualites\/article\/25381-cette-photographe-met-en-lumiere-les-oiseaux-du-royaume-uni\/?sword_list%5B0%5D=commissions&#038;cHash=a7f418164d2aed3e8419a26202a8cb34&Prime; link_option_url_new_window=\u00a0\u00bbon\u00a0\u00bb global_colors_info=\u00a0\u00bb{}\u00a0\u00bb]\n<div dir=\"ltr\">\n<div dir=\"ltr\"><\/div>\n<div>\n<div dir=\"ltr\"><em>Le sort des pigeons m\u2019a toujours interpell\u00e9e. Au Royaume-Uni, ils vivent vraiment des moments difficiles entre les enfants qui leur courent apr\u00e8s ou les maltraitances. Pourtant, quand on s\u2019int\u00e9resse \u00e0 leur pass\u00e9, on s\u2019aper\u00e7oit qu\u2019il est riche. Que ce sont des animaux qui ont aid\u00e9 lors des guerres, qui ont sauv\u00e9 des personnes\u2026<\/em><\/div>\n<\/div>\n<\/div>\n[\/et_pb_testimonial][et_pb_testimonial author=\u00a0\u00bbTom KERSS\u00a0\u00bb url=\u00a0\u00bbhttps:\/\/www.parismatch.com\/vivre\/voyage\/elles-rechargent-mon-ame-nuits-blanches-avec-un-chasseur-daurores-boreales-265517&Prime; url_new_window=\u00a0\u00bbon\u00a0\u00bb portrait_url=\u00a0\u00bbhttps:\/\/www.chassimages.com\/mag\/wp-content\/uploads\/2026\/03\/tom-KERSS.jpg\u00a0\u00bb _builder_version=\u00a0\u00bb4.27.4&Prime; _module_preset=\u00a0\u00bbdefault\u00a0\u00bb body_font=\u00a0\u00bbArial||||||||\u00a0\u00bb body_font_size=\u00a0\u00bb17px\u00a0\u00bb link_option_url=\u00a0\u00bbhttps:\/\/www.parismatch.com\/vivre\/voyage\/elles-rechargent-mon-ame-nuits-blanches-avec-un-chasseur-daurores-boreales-265517&Prime; link_option_url_new_window=\u00a0\u00bbon\u00a0\u00bb global_colors_info=\u00a0\u00bb{}\u00a0\u00bb]\n<div dir=\"ltr\"><em><span style=\"font-family: Helvetica Neue, Helvetica, Arial, sans-serif;\">Jim \u00e9tait photographe pour un grand magazine am\u00e9ricain. \u00c0 la retraite, il avait d\u00e9cid\u00e9 qu&rsquo;il ne prendrait plus de photos \u2014 son travail, c&rsquo;\u00e9tait termin\u00e9. Nous avons pass\u00e9 sept heures ensemble sur le pont, sous des aurores qui n&rsquo;en finissaient pas. Jim n&rsquo;a pas pris une seule photo. Je n&rsquo;avais jamais vu quelqu&rsquo;un s&rsquo;abstenir \u00e0 ce point. Et il avait raison. Les souvenirs les plus forts ne sont pas fait de pixels mais d\u2019\u00e9motions.<\/span><\/em><\/div>\n[\/et_pb_testimonial][\/et_pb_column][\/et_pb_row][et_pb_row _builder_version=\u00a0\u00bb4.24.2&Prime; _module_preset=\u00a0\u00bbdefault\u00a0\u00bb global_colors_info=\u00a0\u00bb{}\u00a0\u00bb][et_pb_column type=\u00a0\u00bb4_4&Prime; _builder_version=\u00a0\u00bb4.24.2&Prime; _module_preset=\u00a0\u00bbdefault\u00a0\u00bb global_colors_info=\u00a0\u00bb{}\u00a0\u00bb][et_pb_divider _builder_version=\u00a0\u00bb4.24.2&Prime; _module_preset=\u00a0\u00bbdefault\u00a0\u00bb global_colors_info=\u00a0\u00bb{}\u00a0\u00bb][\/et_pb_divider][\/et_pb_column][\/et_pb_row][et_pb_row _builder_version=\u00a0\u00bb4.27.4&Prime; _module_preset=\u00a0\u00bbdefault\u00a0\u00bb global_colors_info=\u00a0\u00bb{}\u00a0\u00bb][et_pb_column type=\u00a0\u00bb4_4&Prime; _builder_version=\u00a0\u00bb4.27.4&Prime; _module_preset=\u00a0\u00bbdefault\u00a0\u00bb global_colors_info=\u00a0\u00bb{}\u00a0\u00bb][et_pb_heading title=\u00a0\u00bbla petite musique de fin\u00a0\u00bb _builder_version=\u00a0\u00bb4.27.4&Prime; _module_preset=\u00a0\u00bbdefault\u00a0\u00bb title_font=\u00a0\u00bbArial||||||||\u00a0\u00bb title_text_color=\u00a0\u00bb#E02B20&Prime; global_colors_info=\u00a0\u00bb{}\u00a0\u00bb][\/et_pb_heading][\/et_pb_column][\/et_pb_row][et_pb_row column_structure=\u00a0\u00bb1_3,2_3&Prime; _builder_version=\u00a0\u00bb4.27.4&Prime; _module_preset=\u00a0\u00bbdefault\u00a0\u00bb global_colors_info=\u00a0\u00bb{}\u00a0\u00bb][et_pb_column type=\u00a0\u00bb1_3&Prime; _builder_version=\u00a0\u00bb4.27.4&Prime; _module_preset=\u00a0\u00bbdefault\u00a0\u00bb global_colors_info=\u00a0\u00bb{}\u00a0\u00bb][et_pb_text _builder_version=\u00a0\u00bb4.27.4&Prime; _module_preset=\u00a0\u00bbdefault\u00a0\u00bb text_font=\u00a0\u00bbArial||||||||\u00a0\u00bb text_font_size=\u00a0\u00bb17px\u00a0\u00bb global_colors_info=\u00a0\u00bb{}\u00a0\u00bb]\n<div dir=\"ltr\" data-setdir=\"false\">Pour quelques jours encore, la galerie Parallax (Aix-en-Provence) accueille l&rsquo;exposition<a href=\"https:\/\/galerieparallax.fr\/expositions\/jhabite-une-ville-fantome\/\" target=\"_blank\" rel=\"noopener\"><strong> \u00ab\u00a0J&rsquo;habite une ville fant\u00f4me\u00a0\u00bb<\/strong><\/a>, s\u00e9rie racontant la lente mort des centres-villes \u00e0 travers les devantures d\u00e9fra\u00eechies de commerces abandonn\u00e9s. Le photographe, Thibaut Derien, avait fait (un peu) parler de lui au d\u00e9but des ann\u00e9es 2000 avec son groupe, De Rien. Peu de sons \u00e0 se mettre sous l&rsquo;oreille sur YouTube si ce n&rsquo;est ce passage \u00e0 l&rsquo;\u00e9mission \u00ab\u00a0CD&rsquo;aujourd&rsquo;hui\u00a0\u00bb o\u00f9 l&rsquo;auteur-compositeur fait d\u00e9j\u00e0 de nombreux parall\u00e8les entre musique et photographie.\u00a0<\/div>\n[\/et_pb_text][\/et_pb_column][et_pb_column type=\u00a0\u00bb2_3&Prime; _builder_version=\u00a0\u00bb4.27.4&Prime; _module_preset=\u00a0\u00bbdefault\u00a0\u00bb global_colors_info=\u00a0\u00bb{}\u00a0\u00bb][et_pb_video src=\u00a0\u00bbhttps:\/\/youtu.be\/UzF6a9ZtsgM?si=20V3m5-Urh99Mprq\u00a0\u00bb _builder_version=\u00a0\u00bb4.27.4&Prime; _module_preset=\u00a0\u00bbdefault\u00a0\u00bb global_colors_info=\u00a0\u00bb{}\u00a0\u00bb][\/et_pb_video][\/et_pb_column][\/et_pb_row][et_pb_row _builder_version=\u00a0\u00bb4.24.2&Prime; _module_preset=\u00a0\u00bbdefault\u00a0\u00bb global_colors_info=\u00a0\u00bb{}\u00a0\u00bb][et_pb_column type=\u00a0\u00bb4_4&Prime; _builder_version=\u00a0\u00bb4.24.2&Prime; _module_preset=\u00a0\u00bbdefault\u00a0\u00bb global_colors_info=\u00a0\u00bb{}\u00a0\u00bb][et_pb_text _builder_version=\u00a0\u00bb4.27.4&Prime; _module_preset=\u00a0\u00bbdefault\u00a0\u00bb text_font=\u00a0\u00bbArial||||||||\u00a0\u00bb global_colors_info=\u00a0\u00bb{}\u00a0\u00bb]\n<p style=\"text-align: center;\"><em>\u00ab Clique Clac \u00bb, c\u2019est chaque jeudi le r\u00e9sum\u00e9 d\u2019une semaine sur la Toile<br \/>\u00e0 travers quelques liens s\u00e9lectionn\u00e9s par la r\u00e9daction de Chasseur d\u2019Images.<\/em><em><\/em><\/p>\n[\/et_pb_text][\/et_pb_column][\/et_pb_row][\/et_pb_section]\n","protected":false},"excerpt":{"rendered":"<p>\u00c0 l\u2019occasion de l\u2019exposition \u00ab\u00a0Ropert Capa, photographe de guerre\u00a0\u00bb pr\u00e9sent\u00e9e au mus\u00e9e de la Lib\u00e9ration \u00e0 Paris, L\u2019Oeil de l\u2019Info a concoct\u00e9 une \u00e9dition sp\u00e9ciale enti\u00e8rement consacr\u00e9 \u00e0 celui qui, des campagnes de Cordoue aux plages de Normandie,\u00a0est devenu la figure embl\u00e9matique du photojournaliste.\u00a0Au sommaire : une visite de l\u2019exposition par Gilles Courtinat, une int\u00e9ressante [&hellip;]<\/p>\n","protected":false},"author":5,"featured_media":52958,"comment_status":"closed","ping_status":"closed","sticky":false,"template":"","format":"standard","meta":{"_et_pb_use_builder":"on","_et_pb_old_content":"","_et_gb_content_width":"","footnotes":""},"categories":[7],"tags":[],"class_list":["post-52934","post","type-post","status-publish","format-standard","has-post-thumbnail","hentry","category-vieculturelle","et-has-post-format-content","et_post_format-et-post-format-standard"],"yoast_head":"<!-- This site is optimized with the Yoast SEO plugin v27.5 - https:\/\/yoast.com\/product\/yoast-seo-wordpress\/ -->\n<title>Clique Clac 416 : actus photos<\/title>\n<meta name=\"description\" content=\"Clique Clac 416 : l\u2019actualit\u00e9 photo de la semaine du 9 mars 2026 avec Chasseur d\u2019Images. \u00c9v\u00e9nements marquants et tendances du moment.\" \/>\n<meta name=\"robots\" content=\"index, follow, max-snippet:-1, max-image-preview:large, max-video-preview:-1\" \/>\n<link rel=\"canonical\" href=\"https:\/\/www.chassimages.com\/index.php\/2026\/03\/12\/clique-clac-416\/\" \/>\n<meta property=\"og:locale\" content=\"fr_FR\" \/>\n<meta property=\"og:type\" content=\"article\" \/>\n<meta property=\"og:title\" content=\"Clique Clac 416 : actus photos\" \/>\n<meta property=\"og:description\" content=\"Clique Clac 416 : l\u2019actualit\u00e9 photo de la semaine du 9 mars 2026 avec Chasseur d\u2019Images. \u00c9v\u00e9nements marquants et tendances du moment.\" \/>\n<meta property=\"og:url\" content=\"https:\/\/www.chassimages.com\/index.php\/2026\/03\/12\/clique-clac-416\/\" \/>\n<meta property=\"og:site_name\" content=\"Chassimages\" \/>\n<meta property=\"article:publisher\" content=\"https:\/\/www.facebook.com\/chasseurimages\/\" \/>\n<meta property=\"article:published_time\" content=\"2026-03-12T04:00:35+00:00\" \/>\n<meta property=\"article:modified_time\" content=\"2026-03-16T14:51:02+00:00\" \/>\n<meta property=\"og:image\" content=\"https:\/\/www.chassimages.com\/mag\/wp-content\/uploads\/2026\/03\/Clique-clac-416-cp.png\" \/>\n\t<meta property=\"og:image:width\" content=\"500\" \/>\n\t<meta property=\"og:image:height\" content=\"400\" \/>\n\t<meta property=\"og:image:type\" content=\"image\/png\" \/>\n<meta name=\"author\" content=\"Benoit\" \/>\n<meta name=\"twitter:card\" content=\"summary_large_image\" \/>\n<meta name=\"twitter:label1\" content=\"\u00c9crit par\" \/>\n\t<meta name=\"twitter:data1\" content=\"Benoit\" \/>\n\t<meta name=\"twitter:label2\" content=\"Dur\u00e9e de lecture estim\u00e9e\" \/>\n\t<meta name=\"twitter:data2\" content=\"6 minutes\" \/>\n<script type=\"application\/ld+json\" class=\"yoast-schema-graph\">{\"@context\":\"https:\\\/\\\/schema.org\",\"@graph\":[{\"@type\":\"Article\",\"@id\":\"https:\\\/\\\/www.chassimages.com\\\/index.php\\\/2026\\\/03\\\/12\\\/clique-clac-416\\\/#article\",\"isPartOf\":{\"@id\":\"https:\\\/\\\/www.chassimages.com\\\/index.php\\\/2026\\\/03\\\/12\\\/clique-clac-416\\\/\"},\"author\":{\"name\":\"Benoit\",\"@id\":\"https:\\\/\\\/www.chassimages.com\\\/#\\\/schema\\\/person\\\/4bc2722df5434fc8808c7839a5781b2c\"},\"headline\":\"Clique Clac #416\",\"datePublished\":\"2026-03-12T04:00:35+00:00\",\"dateModified\":\"2026-03-16T14:51:02+00:00\",\"mainEntityOfPage\":{\"@id\":\"https:\\\/\\\/www.chassimages.com\\\/index.php\\\/2026\\\/03\\\/12\\\/clique-clac-416\\\/\"},\"wordCount\":2655,\"publisher\":{\"@id\":\"https:\\\/\\\/www.chassimages.com\\\/#organization\"},\"image\":{\"@id\":\"https:\\\/\\\/www.chassimages.com\\\/index.php\\\/2026\\\/03\\\/12\\\/clique-clac-416\\\/#primaryimage\"},\"thumbnailUrl\":\"https:\\\/\\\/www.chassimages.com\\\/mag\\\/wp-content\\\/uploads\\\/2026\\\/03\\\/Clique-clac-416-cp.png\",\"articleSection\":[\"Vie culturelle\"],\"inLanguage\":\"fr-FR\"},{\"@type\":\"WebPage\",\"@id\":\"https:\\\/\\\/www.chassimages.com\\\/index.php\\\/2026\\\/03\\\/12\\\/clique-clac-416\\\/\",\"url\":\"https:\\\/\\\/www.chassimages.com\\\/index.php\\\/2026\\\/03\\\/12\\\/clique-clac-416\\\/\",\"name\":\"Clique Clac 416 : actus photos\",\"isPartOf\":{\"@id\":\"https:\\\/\\\/www.chassimages.com\\\/#website\"},\"primaryImageOfPage\":{\"@id\":\"https:\\\/\\\/www.chassimages.com\\\/index.php\\\/2026\\\/03\\\/12\\\/clique-clac-416\\\/#primaryimage\"},\"image\":{\"@id\":\"https:\\\/\\\/www.chassimages.com\\\/index.php\\\/2026\\\/03\\\/12\\\/clique-clac-416\\\/#primaryimage\"},\"thumbnailUrl\":\"https:\\\/\\\/www.chassimages.com\\\/mag\\\/wp-content\\\/uploads\\\/2026\\\/03\\\/Clique-clac-416-cp.png\",\"datePublished\":\"2026-03-12T04:00:35+00:00\",\"dateModified\":\"2026-03-16T14:51:02+00:00\",\"description\":\"Clique Clac 416 : l\u2019actualit\u00e9 photo de la semaine du 9 mars 2026 avec Chasseur d\u2019Images. \u00c9v\u00e9nements marquants et tendances du moment.\",\"breadcrumb\":{\"@id\":\"https:\\\/\\\/www.chassimages.com\\\/index.php\\\/2026\\\/03\\\/12\\\/clique-clac-416\\\/#breadcrumb\"},\"inLanguage\":\"fr-FR\",\"potentialAction\":[{\"@type\":\"ReadAction\",\"target\":[\"https:\\\/\\\/www.chassimages.com\\\/index.php\\\/2026\\\/03\\\/12\\\/clique-clac-416\\\/\"]}]},{\"@type\":\"ImageObject\",\"inLanguage\":\"fr-FR\",\"@id\":\"https:\\\/\\\/www.chassimages.com\\\/index.php\\\/2026\\\/03\\\/12\\\/clique-clac-416\\\/#primaryimage\",\"url\":\"https:\\\/\\\/www.chassimages.com\\\/mag\\\/wp-content\\\/uploads\\\/2026\\\/03\\\/Clique-clac-416-cp.png\",\"contentUrl\":\"https:\\\/\\\/www.chassimages.com\\\/mag\\\/wp-content\\\/uploads\\\/2026\\\/03\\\/Clique-clac-416-cp.png\",\"width\":500,\"height\":400},{\"@type\":\"BreadcrumbList\",\"@id\":\"https:\\\/\\\/www.chassimages.com\\\/index.php\\\/2026\\\/03\\\/12\\\/clique-clac-416\\\/#breadcrumb\",\"itemListElement\":[{\"@type\":\"ListItem\",\"position\":1,\"name\":\"Accueil\",\"item\":\"https:\\\/\\\/www.chassimages.com\\\/\"},{\"@type\":\"ListItem\",\"position\":2,\"name\":\"Clique Clac #416\"}]},{\"@type\":\"WebSite\",\"@id\":\"https:\\\/\\\/www.chassimages.com\\\/#website\",\"url\":\"https:\\\/\\\/www.chassimages.com\\\/\",\"name\":\"Chassimages\",\"description\":\"\",\"publisher\":{\"@id\":\"https:\\\/\\\/www.chassimages.com\\\/#organization\"},\"potentialAction\":[{\"@type\":\"SearchAction\",\"target\":{\"@type\":\"EntryPoint\",\"urlTemplate\":\"https:\\\/\\\/www.chassimages.com\\\/?s={search_term_string}\"},\"query-input\":{\"@type\":\"PropertyValueSpecification\",\"valueRequired\":true,\"valueName\":\"search_term_string\"}}],\"inLanguage\":\"fr-FR\"},{\"@type\":\"Organization\",\"@id\":\"https:\\\/\\\/www.chassimages.com\\\/#organization\",\"name\":\"Editions JIBENA\",\"alternateName\":\"JIBENA\",\"url\":\"https:\\\/\\\/www.chassimages.com\\\/\",\"logo\":{\"@type\":\"ImageObject\",\"inLanguage\":\"fr-FR\",\"@id\":\"https:\\\/\\\/www.chassimages.com\\\/#\\\/schema\\\/logo\\\/image\\\/\",\"url\":\"https:\\\/\\\/www.chassimages.com\\\/mag\\\/wp-content\\\/uploads\\\/2024\\\/03\\\/images.jpg\",\"contentUrl\":\"https:\\\/\\\/www.chassimages.com\\\/mag\\\/wp-content\\\/uploads\\\/2024\\\/03\\\/images.jpg\",\"width\":396,\"height\":127,\"caption\":\"Editions JIBENA\"},\"image\":{\"@id\":\"https:\\\/\\\/www.chassimages.com\\\/#\\\/schema\\\/logo\\\/image\\\/\"},\"sameAs\":[\"https:\\\/\\\/www.facebook.com\\\/chasseurimages\\\/\",\"https:\\\/\\\/www.instagram.com\\\/chassimages\\\/\"]},{\"@type\":\"Person\",\"@id\":\"https:\\\/\\\/www.chassimages.com\\\/#\\\/schema\\\/person\\\/4bc2722df5434fc8808c7839a5781b2c\",\"name\":\"Benoit\",\"image\":{\"@type\":\"ImageObject\",\"inLanguage\":\"fr-FR\",\"@id\":\"https:\\\/\\\/secure.gravatar.com\\\/avatar\\\/bf7377ca77f2edd9d04e614806d1a82652711d0ed35061f48ff2579480a7de05?s=96&d=mm&r=g\",\"url\":\"https:\\\/\\\/secure.gravatar.com\\\/avatar\\\/bf7377ca77f2edd9d04e614806d1a82652711d0ed35061f48ff2579480a7de05?s=96&d=mm&r=g\",\"contentUrl\":\"https:\\\/\\\/secure.gravatar.com\\\/avatar\\\/bf7377ca77f2edd9d04e614806d1a82652711d0ed35061f48ff2579480a7de05?s=96&d=mm&r=g\",\"caption\":\"Benoit\"},\"description\":\"Beno\u00eet Gaborit est, en quelque sorte, le Bernard Pivot de la r\u00e9dac'! Il est \u00e9videmment beaucoup plus jeune et bien plus beau mais il a un go\u00fbt immod\u00e9r\u00e9 pour la chasse aux fautes d'orthographe et c'est lui qui veille \u00e0 la bonne tenue r\u00e9dactionnelle de Chasseur d'Images et Nat'Images. Un sacr\u00e9 boulot, \u00e0 la v\u00e9rit\u00e9! Mais comme \u00e7a ne lui suffit pas, c'est aussi le sp\u00e9cialiste des \u00e9v\u00e9nements culturels, celui \u00e0 qui il faut s'adresser quand on parle stages, expos ou concours. On l'aime beaucoup, notre Beno\u00eet; alors y-f\u00f4-pa lamb\u00e9t\u00e9. Non mais!\",\"sameAs\":[\"https:\\\/\\\/rockylinux.jibena.lan\\\/mag\"],\"url\":\"https:\\\/\\\/www.chassimages.com\\\/index.php\\\/author\\\/benoit\\\/\"}]}<\/script>\n<!-- \/ Yoast SEO plugin. -->","yoast_head_json":{"title":"Clique Clac 416 : actus photos","description":"Clique Clac 416 : l\u2019actualit\u00e9 photo de la semaine du 9 mars 2026 avec Chasseur d\u2019Images. \u00c9v\u00e9nements marquants et tendances du moment.","robots":{"index":"index","follow":"follow","max-snippet":"max-snippet:-1","max-image-preview":"max-image-preview:large","max-video-preview":"max-video-preview:-1"},"canonical":"https:\/\/www.chassimages.com\/index.php\/2026\/03\/12\/clique-clac-416\/","og_locale":"fr_FR","og_type":"article","og_title":"Clique Clac 416 : actus photos","og_description":"Clique Clac 416 : l\u2019actualit\u00e9 photo de la semaine du 9 mars 2026 avec Chasseur d\u2019Images. \u00c9v\u00e9nements marquants et tendances du moment.","og_url":"https:\/\/www.chassimages.com\/index.php\/2026\/03\/12\/clique-clac-416\/","og_site_name":"Chassimages","article_publisher":"https:\/\/www.facebook.com\/chasseurimages\/","article_published_time":"2026-03-12T04:00:35+00:00","article_modified_time":"2026-03-16T14:51:02+00:00","og_image":[{"width":500,"height":400,"url":"https:\/\/www.chassimages.com\/mag\/wp-content\/uploads\/2026\/03\/Clique-clac-416-cp.png","type":"image\/png"}],"author":"Benoit","twitter_card":"summary_large_image","twitter_misc":{"\u00c9crit par":"Benoit","Dur\u00e9e de lecture estim\u00e9e":"6 minutes"},"schema":{"@context":"https:\/\/schema.org","@graph":[{"@type":"Article","@id":"https:\/\/www.chassimages.com\/index.php\/2026\/03\/12\/clique-clac-416\/#article","isPartOf":{"@id":"https:\/\/www.chassimages.com\/index.php\/2026\/03\/12\/clique-clac-416\/"},"author":{"name":"Benoit","@id":"https:\/\/www.chassimages.com\/#\/schema\/person\/4bc2722df5434fc8808c7839a5781b2c"},"headline":"Clique Clac #416","datePublished":"2026-03-12T04:00:35+00:00","dateModified":"2026-03-16T14:51:02+00:00","mainEntityOfPage":{"@id":"https:\/\/www.chassimages.com\/index.php\/2026\/03\/12\/clique-clac-416\/"},"wordCount":2655,"publisher":{"@id":"https:\/\/www.chassimages.com\/#organization"},"image":{"@id":"https:\/\/www.chassimages.com\/index.php\/2026\/03\/12\/clique-clac-416\/#primaryimage"},"thumbnailUrl":"https:\/\/www.chassimages.com\/mag\/wp-content\/uploads\/2026\/03\/Clique-clac-416-cp.png","articleSection":["Vie culturelle"],"inLanguage":"fr-FR"},{"@type":"WebPage","@id":"https:\/\/www.chassimages.com\/index.php\/2026\/03\/12\/clique-clac-416\/","url":"https:\/\/www.chassimages.com\/index.php\/2026\/03\/12\/clique-clac-416\/","name":"Clique Clac 416 : actus photos","isPartOf":{"@id":"https:\/\/www.chassimages.com\/#website"},"primaryImageOfPage":{"@id":"https:\/\/www.chassimages.com\/index.php\/2026\/03\/12\/clique-clac-416\/#primaryimage"},"image":{"@id":"https:\/\/www.chassimages.com\/index.php\/2026\/03\/12\/clique-clac-416\/#primaryimage"},"thumbnailUrl":"https:\/\/www.chassimages.com\/mag\/wp-content\/uploads\/2026\/03\/Clique-clac-416-cp.png","datePublished":"2026-03-12T04:00:35+00:00","dateModified":"2026-03-16T14:51:02+00:00","description":"Clique Clac 416 : l\u2019actualit\u00e9 photo de la semaine du 9 mars 2026 avec Chasseur d\u2019Images. \u00c9v\u00e9nements marquants et tendances du moment.","breadcrumb":{"@id":"https:\/\/www.chassimages.com\/index.php\/2026\/03\/12\/clique-clac-416\/#breadcrumb"},"inLanguage":"fr-FR","potentialAction":[{"@type":"ReadAction","target":["https:\/\/www.chassimages.com\/index.php\/2026\/03\/12\/clique-clac-416\/"]}]},{"@type":"ImageObject","inLanguage":"fr-FR","@id":"https:\/\/www.chassimages.com\/index.php\/2026\/03\/12\/clique-clac-416\/#primaryimage","url":"https:\/\/www.chassimages.com\/mag\/wp-content\/uploads\/2026\/03\/Clique-clac-416-cp.png","contentUrl":"https:\/\/www.chassimages.com\/mag\/wp-content\/uploads\/2026\/03\/Clique-clac-416-cp.png","width":500,"height":400},{"@type":"BreadcrumbList","@id":"https:\/\/www.chassimages.com\/index.php\/2026\/03\/12\/clique-clac-416\/#breadcrumb","itemListElement":[{"@type":"ListItem","position":1,"name":"Accueil","item":"https:\/\/www.chassimages.com\/"},{"@type":"ListItem","position":2,"name":"Clique Clac #416"}]},{"@type":"WebSite","@id":"https:\/\/www.chassimages.com\/#website","url":"https:\/\/www.chassimages.com\/","name":"Chassimages","description":"","publisher":{"@id":"https:\/\/www.chassimages.com\/#organization"},"potentialAction":[{"@type":"SearchAction","target":{"@type":"EntryPoint","urlTemplate":"https:\/\/www.chassimages.com\/?s={search_term_string}"},"query-input":{"@type":"PropertyValueSpecification","valueRequired":true,"valueName":"search_term_string"}}],"inLanguage":"fr-FR"},{"@type":"Organization","@id":"https:\/\/www.chassimages.com\/#organization","name":"Editions JIBENA","alternateName":"JIBENA","url":"https:\/\/www.chassimages.com\/","logo":{"@type":"ImageObject","inLanguage":"fr-FR","@id":"https:\/\/www.chassimages.com\/#\/schema\/logo\/image\/","url":"https:\/\/www.chassimages.com\/mag\/wp-content\/uploads\/2024\/03\/images.jpg","contentUrl":"https:\/\/www.chassimages.com\/mag\/wp-content\/uploads\/2024\/03\/images.jpg","width":396,"height":127,"caption":"Editions JIBENA"},"image":{"@id":"https:\/\/www.chassimages.com\/#\/schema\/logo\/image\/"},"sameAs":["https:\/\/www.facebook.com\/chasseurimages\/","https:\/\/www.instagram.com\/chassimages\/"]},{"@type":"Person","@id":"https:\/\/www.chassimages.com\/#\/schema\/person\/4bc2722df5434fc8808c7839a5781b2c","name":"Benoit","image":{"@type":"ImageObject","inLanguage":"fr-FR","@id":"https:\/\/secure.gravatar.com\/avatar\/bf7377ca77f2edd9d04e614806d1a82652711d0ed35061f48ff2579480a7de05?s=96&d=mm&r=g","url":"https:\/\/secure.gravatar.com\/avatar\/bf7377ca77f2edd9d04e614806d1a82652711d0ed35061f48ff2579480a7de05?s=96&d=mm&r=g","contentUrl":"https:\/\/secure.gravatar.com\/avatar\/bf7377ca77f2edd9d04e614806d1a82652711d0ed35061f48ff2579480a7de05?s=96&d=mm&r=g","caption":"Benoit"},"description":"Beno\u00eet Gaborit est, en quelque sorte, le Bernard Pivot de la r\u00e9dac'! Il est \u00e9videmment beaucoup plus jeune et bien plus beau mais il a un go\u00fbt immod\u00e9r\u00e9 pour la chasse aux fautes d'orthographe et c'est lui qui veille \u00e0 la bonne tenue r\u00e9dactionnelle de Chasseur d'Images et Nat'Images. Un sacr\u00e9 boulot, \u00e0 la v\u00e9rit\u00e9! Mais comme \u00e7a ne lui suffit pas, c'est aussi le sp\u00e9cialiste des \u00e9v\u00e9nements culturels, celui \u00e0 qui il faut s'adresser quand on parle stages, expos ou concours. On l'aime beaucoup, notre Beno\u00eet; alors y-f\u00f4-pa lamb\u00e9t\u00e9. Non mais!","sameAs":["https:\/\/rockylinux.jibena.lan\/mag"],"url":"https:\/\/www.chassimages.com\/index.php\/author\/benoit\/"}]}},"_links":{"self":[{"href":"https:\/\/www.chassimages.com\/index.php\/wp-json\/wp\/v2\/posts\/52934","targetHints":{"allow":["GET"]}}],"collection":[{"href":"https:\/\/www.chassimages.com\/index.php\/wp-json\/wp\/v2\/posts"}],"about":[{"href":"https:\/\/www.chassimages.com\/index.php\/wp-json\/wp\/v2\/types\/post"}],"author":[{"embeddable":true,"href":"https:\/\/www.chassimages.com\/index.php\/wp-json\/wp\/v2\/users\/5"}],"replies":[{"embeddable":true,"href":"https:\/\/www.chassimages.com\/index.php\/wp-json\/wp\/v2\/comments?post=52934"}],"version-history":[{"count":15,"href":"https:\/\/www.chassimages.com\/index.php\/wp-json\/wp\/v2\/posts\/52934\/revisions"}],"predecessor-version":[{"id":53043,"href":"https:\/\/www.chassimages.com\/index.php\/wp-json\/wp\/v2\/posts\/52934\/revisions\/53043"}],"wp:featuredmedia":[{"embeddable":true,"href":"https:\/\/www.chassimages.com\/index.php\/wp-json\/wp\/v2\/media\/52958"}],"wp:attachment":[{"href":"https:\/\/www.chassimages.com\/index.php\/wp-json\/wp\/v2\/media?parent=52934"}],"wp:term":[{"taxonomy":"category","embeddable":true,"href":"https:\/\/www.chassimages.com\/index.php\/wp-json\/wp\/v2\/categories?post=52934"},{"taxonomy":"post_tag","embeddable":true,"href":"https:\/\/www.chassimages.com\/index.php\/wp-json\/wp\/v2\/tags?post=52934"}],"curies":[{"name":"wp","href":"https:\/\/api.w.org\/{rel}","templated":true}]}}