{"id":5703,"date":"2017-01-21T08:00:39","date_gmt":"2017-01-21T07:00:39","guid":{"rendered":"https:\/\/rockylinux.jibena.lan\/mag\/?p=5703"},"modified":"2017-01-21T09:32:20","modified_gmt":"2017-01-21T08:32:20","slug":"image-du-jour-170121","status":"publish","type":"post","link":"https:\/\/www.chassimages.com\/index.php\/2017\/01\/21\/image-du-jour-170121\/","title":{"rendered":"[ Image du jour ] Samedi 21 janvier"},"content":{"rendered":"[vc_single_image image=\u00a0\u00bb5704&Prime; img_size=\u00a0\u00bbfull\u00a0\u00bb add_caption=\u00a0\u00bbyes\u00a0\u00bb alignment=\u00a0\u00bbcenter\u00a0\u00bb]Chaque printemps, les oiseaux assurent le spectacle en <strong>Baie de Somme.<\/strong> Les photographes aussi et, gr\u00e2ce \u00e0 leur travail, le grand public peut voir, sous un angle in\u00e9dit, des esp\u00e8ces qu&rsquo;il n&rsquo;approcherait jamais autrement.<br \/>\nL&rsquo;un des temps forts du <a href=\"http:\/\/www.festival-oiseau-nature.com\/\" target=\"_blank\"><strong>Festival de l&rsquo;Oiseau<\/strong><\/a> est assur\u00e9ment son concours. Le Palmar\u00e8s de la 27\u00e8me \u00e9dition vient d&rsquo;\u00eatre proclam\u00e9 et il m\u00e9rite le d\u00e9tour.<\/p>\n<p>Voici, ici, une vision in\u00e9dite du macareux, par le photographe espagnol <strong>Mario Suarez Porras,<\/strong> qui d\u00e9croche le <strong>Grand prix.<\/strong> Ne manquez pas de d\u00e9couvrir <a href=\"http:\/\/www.festival-oiseau-nature.com\/concours\/concours-photo\/#\" target=\"_blank\"><strong>le palmar\u00e8s<\/strong><\/a> sur le site du Festival et, surtout, cochez sans attendre les dates de cette nouvelle \u00e9dition: <strong>du 8 au 17 avril.<\/strong>[vc_single_image image=\u00a0\u00bb5404&Prime; img_size=\u00a0\u00bbfull\u00a0\u00bb alignment=\u00a0\u00bbcenter\u00a0\u00bb onclick=\u00a0\u00bbcustom_link\u00a0\u00bb img_link_target=\u00a0\u00bb_blank\u00a0\u00bb css_animation=\u00a0\u00bbleft-to-right\u00a0\u00bb link=\u00a0\u00bbhttps:\/\/www.facebook.com\/festivaloiseaunature\/\u00a0\u00bb][vc_single_image image=\u00a0\u00bb5708&Prime; img_size=\u00a0\u00bbfull\u00a0\u00bb alignment=\u00a0\u00bbcenter\u00a0\u00bb onclick=\u00a0\u00bbcustom_link\u00a0\u00bb img_link_target=\u00a0\u00bb_blank\u00a0\u00bb css_animation=\u00a0\u00bbright-to-left\u00a0\u00bb link=\u00a0\u00bbhttp:\/\/www.festival-oiseau-nature.com\/concours\/concours-photo\/\u00a0\u00bb][vc_single_image image=\u00a0\u00bb3843&Prime; img_size=\u00a0\u00bbfull\u00a0\u00bb add_caption=\u00a0\u00bbyes\u00a0\u00bb alignment=\u00a0\u00bbcenter\u00a0\u00bb onclick=\u00a0\u00bbcustom_link\u00a0\u00bb img_link_target=\u00a0\u00bb_blank\u00a0\u00bb css_animation=\u00a0\u00bbright-to-left\u00a0\u00bb link=\u00a0\u00bbhttps:\/\/rockylinux.jibena.lan\/mag\/forum\/index.php\/topic,265076.0.html\u00a0\u00bb]\n<p style=\"text-align: center;\"><strong>Chaque jour, la r\u00e9daction s\u00e9lectionne un coup de c\u0153ur parmi les images qui lui sont adress\u00e9es<\/strong><br \/>\n<strong>pour publication, pour avis ou pour le <a href=\"https:\/\/rockylinux.jibena.lan\/mag\/forum\/index.html\">Forum Chassimages<\/a>: c&rsquo;est l<em>&lsquo;Image du Jour!<\/em><br \/>\n<\/strong><\/p>\n","protected":false},"excerpt":{"rendered":"<p>[vc_single_image image=\u00a0\u00bb5704&Prime; img_size=\u00a0\u00bbfull\u00a0\u00bb add_caption=\u00a0\u00bbyes\u00a0\u00bb alignment=\u00a0\u00bbcenter\u00a0\u00bb]Chaque printemps, les oiseaux assurent le spectacle en Baie de Somme. Les photographes aussi et, gr\u00e2ce \u00e0 leur travail, le grand public peut voir, sous un angle in\u00e9dit, des esp\u00e8ces qu&rsquo;il n&rsquo;approcherait jamais autrement. L&rsquo;un des temps forts du Festival de l&rsquo;Oiseau est assur\u00e9ment son concours. Le Palmar\u00e8s de la 27\u00e8me [&hellip;]<\/p>\n","protected":false},"author":6,"featured_media":5705,"comment_status":"closed","ping_status":"closed","sticky":false,"template":"","format":"standard","meta":{"_et_pb_use_builder":"","_et_pb_old_content":"","_et_gb_content_width":"","footnotes":""},"categories":[46],"tags":[130,138,122],"class_list":["post-5703","post","type-post","status-publish","format-standard","has-post-thumbnail","hentry","category-imagejour","tag-facebook","tag-festival","tag-image-du-jour","et-has-post-format-content","et_post_format-et-post-format-standard"],"yoast_head":"<!-- This site is optimized with the Yoast SEO plugin v27.2 - https:\/\/yoast.com\/product\/yoast-seo-wordpress\/ -->\n<title>[ Image du jour ] Samedi 21 janvier - Chassimages<\/title>\n<meta name=\"description\" content=\"Chaque jour, la r\u00e9daction du magazine Chasseur d&#039;Images choisit une &quot;Image du Jour&quot; parmi toutes celles que postent les Lecteurs sur le Forum, Facebook...\" \/>\n<meta name=\"robots\" content=\"index, follow, max-snippet:-1, max-image-preview:large, max-video-preview:-1\" \/>\n<link rel=\"canonical\" href=\"https:\/\/www.chassimages.com\/index.php\/2017\/01\/21\/image-du-jour-170121\/\" \/>\n<meta property=\"og:locale\" content=\"fr_FR\" \/>\n<meta property=\"og:type\" content=\"article\" \/>\n<meta property=\"og:title\" content=\"[ Image du jour ] Samedi 21 janvier - Chassimages\" \/>\n<meta property=\"og:description\" content=\"Chaque jour, la r\u00e9daction du magazine Chasseur d&#039;Images choisit une &quot;Image du Jour&quot; parmi toutes celles que postent les Lecteurs sur le Forum, Facebook...\" \/>\n<meta property=\"og:url\" content=\"https:\/\/www.chassimages.com\/index.php\/2017\/01\/21\/image-du-jour-170121\/\" \/>\n<meta property=\"og:site_name\" content=\"Chassimages\" \/>\n<meta property=\"article:publisher\" content=\"https:\/\/www.facebook.com\/chasseurimages\/\" \/>\n<meta property=\"article:author\" content=\"https:\/\/www.facebook.com\/guymichel.cogne\" \/>\n<meta property=\"article:published_time\" content=\"2017-01-21T07:00:39+00:00\" \/>\n<meta property=\"article:modified_time\" content=\"2017-01-21T08:32:20+00:00\" \/>\n<meta property=\"og:image\" content=\"https:\/\/www.chassimages.com\/mag\/wp-content\/uploads\/2017\/01\/ImageJour-Festival-Oiseau-S.jpg\" \/>\n\t<meta property=\"og:image:width\" content=\"1200\" \/>\n\t<meta property=\"og:image:height\" content=\"800\" \/>\n\t<meta property=\"og:image:type\" content=\"image\/jpeg\" \/>\n<meta name=\"author\" content=\"GMC\" \/>\n<meta name=\"twitter:card\" content=\"summary_large_image\" \/>\n<meta name=\"twitter:creator\" content=\"@https:\/\/twitter.com\/guymichelcogne\" \/>\n<meta name=\"twitter:label1\" content=\"\u00c9crit par\" \/>\n\t<meta name=\"twitter:data1\" content=\"GMC\" \/>\n\t<meta name=\"twitter:label2\" content=\"Dur\u00e9e de lecture estim\u00e9e\" \/>\n\t<meta name=\"twitter:data2\" content=\"1 minute\" \/>\n<script type=\"application\/ld+json\" class=\"yoast-schema-graph\">{\"@context\":\"https:\/\/schema.org\",\"@graph\":[{\"@type\":\"Article\",\"@id\":\"https:\/\/www.chassimages.com\/index.php\/2017\/01\/21\/image-du-jour-170121\/#article\",\"isPartOf\":{\"@id\":\"https:\/\/www.chassimages.com\/index.php\/2017\/01\/21\/image-du-jour-170121\/\"},\"author\":{\"name\":\"GMC\",\"@id\":\"https:\/\/www.chassimages.com\/#\/schema\/person\/94932974fef5953dceb2807ae112075b\"},\"headline\":\"[ Image du jour ] Samedi 21 janvier\",\"datePublished\":\"2017-01-21T07:00:39+00:00\",\"dateModified\":\"2017-01-21T08:32:20+00:00\",\"mainEntityOfPage\":{\"@id\":\"https:\/\/www.chassimages.com\/index.php\/2017\/01\/21\/image-du-jour-170121\/\"},\"wordCount\":256,\"publisher\":{\"@id\":\"https:\/\/www.chassimages.com\/#organization\"},\"image\":{\"@id\":\"https:\/\/www.chassimages.com\/index.php\/2017\/01\/21\/image-du-jour-170121\/#primaryimage\"},\"thumbnailUrl\":\"https:\/\/www.chassimages.com\/mag\/wp-content\/uploads\/2017\/01\/ImageJour-Festival-Oiseau-S.jpg\",\"keywords\":[\"Facebook\",\"Festival\",\"Image du Jour\"],\"articleSection\":[\"Image du Jour\"],\"inLanguage\":\"fr-FR\"},{\"@type\":\"WebPage\",\"@id\":\"https:\/\/www.chassimages.com\/index.php\/2017\/01\/21\/image-du-jour-170121\/\",\"url\":\"https:\/\/www.chassimages.com\/index.php\/2017\/01\/21\/image-du-jour-170121\/\",\"name\":\"[ Image du jour ] Samedi 21 janvier - Chassimages\",\"isPartOf\":{\"@id\":\"https:\/\/www.chassimages.com\/#website\"},\"primaryImageOfPage\":{\"@id\":\"https:\/\/www.chassimages.com\/index.php\/2017\/01\/21\/image-du-jour-170121\/#primaryimage\"},\"image\":{\"@id\":\"https:\/\/www.chassimages.com\/index.php\/2017\/01\/21\/image-du-jour-170121\/#primaryimage\"},\"thumbnailUrl\":\"https:\/\/www.chassimages.com\/mag\/wp-content\/uploads\/2017\/01\/ImageJour-Festival-Oiseau-S.jpg\",\"datePublished\":\"2017-01-21T07:00:39+00:00\",\"dateModified\":\"2017-01-21T08:32:20+00:00\",\"description\":\"Chaque jour, la r\u00e9daction du magazine Chasseur d'Images choisit une \\\"Image du Jour\\\" parmi toutes celles que postent les Lecteurs sur le Forum, Facebook...\",\"breadcrumb\":{\"@id\":\"https:\/\/www.chassimages.com\/index.php\/2017\/01\/21\/image-du-jour-170121\/#breadcrumb\"},\"inLanguage\":\"fr-FR\",\"potentialAction\":[{\"@type\":\"ReadAction\",\"target\":[\"https:\/\/www.chassimages.com\/index.php\/2017\/01\/21\/image-du-jour-170121\/\"]}]},{\"@type\":\"ImageObject\",\"inLanguage\":\"fr-FR\",\"@id\":\"https:\/\/www.chassimages.com\/index.php\/2017\/01\/21\/image-du-jour-170121\/#primaryimage\",\"url\":\"https:\/\/www.chassimages.com\/mag\/wp-content\/uploads\/2017\/01\/ImageJour-Festival-Oiseau-S.jpg\",\"contentUrl\":\"https:\/\/www.chassimages.com\/mag\/wp-content\/uploads\/2017\/01\/ImageJour-Festival-Oiseau-S.jpg\",\"width\":1200,\"height\":800},{\"@type\":\"BreadcrumbList\",\"@id\":\"https:\/\/www.chassimages.com\/index.php\/2017\/01\/21\/image-du-jour-170121\/#breadcrumb\",\"itemListElement\":[{\"@type\":\"ListItem\",\"position\":1,\"name\":\"Accueil\",\"item\":\"https:\/\/www.chassimages.com\/\"},{\"@type\":\"ListItem\",\"position\":2,\"name\":\"[ Image du jour ] Samedi 21 janvier\"}]},{\"@type\":\"WebSite\",\"@id\":\"https:\/\/www.chassimages.com\/#website\",\"url\":\"https:\/\/www.chassimages.com\/\",\"name\":\"Chassimages\",\"description\":\"\",\"publisher\":{\"@id\":\"https:\/\/www.chassimages.com\/#organization\"},\"potentialAction\":[{\"@type\":\"SearchAction\",\"target\":{\"@type\":\"EntryPoint\",\"urlTemplate\":\"https:\/\/www.chassimages.com\/?s={search_term_string}\"},\"query-input\":{\"@type\":\"PropertyValueSpecification\",\"valueRequired\":true,\"valueName\":\"search_term_string\"}}],\"inLanguage\":\"fr-FR\"},{\"@type\":\"Organization\",\"@id\":\"https:\/\/www.chassimages.com\/#organization\",\"name\":\"Editions JIBENA\",\"alternateName\":\"JIBENA\",\"url\":\"https:\/\/www.chassimages.com\/\",\"logo\":{\"@type\":\"ImageObject\",\"inLanguage\":\"fr-FR\",\"@id\":\"https:\/\/www.chassimages.com\/#\/schema\/logo\/image\/\",\"url\":\"https:\/\/www.chassimages.com\/mag\/wp-content\/uploads\/2024\/03\/images.jpg\",\"contentUrl\":\"https:\/\/www.chassimages.com\/mag\/wp-content\/uploads\/2024\/03\/images.jpg\",\"width\":396,\"height\":127,\"caption\":\"Editions JIBENA\"},\"image\":{\"@id\":\"https:\/\/www.chassimages.com\/#\/schema\/logo\/image\/\"},\"sameAs\":[\"https:\/\/www.facebook.com\/chasseurimages\/\",\"https:\/\/www.instagram.com\/chassimages\/\"]},{\"@type\":\"Person\",\"@id\":\"https:\/\/www.chassimages.com\/#\/schema\/person\/94932974fef5953dceb2807ae112075b\",\"name\":\"GMC\",\"image\":{\"@type\":\"ImageObject\",\"inLanguage\":\"fr-FR\",\"@id\":\"https:\/\/secure.gravatar.com\/avatar\/c19674b4cbf5ff1bc5f14c0adb34e8c393edf9fe9353f2004d172b93fbf963e9?s=96&d=mm&r=g\",\"url\":\"https:\/\/secure.gravatar.com\/avatar\/c19674b4cbf5ff1bc5f14c0adb34e8c393edf9fe9353f2004d172b93fbf963e9?s=96&d=mm&r=g\",\"contentUrl\":\"https:\/\/secure.gravatar.com\/avatar\/c19674b4cbf5ff1bc5f14c0adb34e8c393edf9fe9353f2004d172b93fbf963e9?s=96&d=mm&r=g\",\"caption\":\"GMC\"},\"description\":\"GMC, Guy-Michel Cogn\u00e9, propulseur de nouvelles id\u00e9es depuis 1976 (rien que \u00e7a!). On lui doit Chasseur d'Images, Nat'Images, chassimages.com et pas mal d'autres choses. On dit de lui que c'est un gros nounours, parfois tr\u00e8s mal l\u00e9ch\u00e9, mais c'est pas vrai du tout: il dit juste tout haut ce qu'il n'a pas envie de dire tout bas et, parfois, \u00e7a accrochee un peu.\",\"sameAs\":[\"https:\/\/rockylinux.jibena.lan\/mag\",\"https:\/\/www.facebook.com\/guymichel.cogne\",\"https:\/\/x.com\/https:\/\/twitter.com\/guymichelcogne\"],\"url\":\"https:\/\/www.chassimages.com\/index.php\/author\/gmc\/\"}]}<\/script>\n<!-- \/ Yoast SEO plugin. -->","yoast_head_json":{"title":"[ Image du jour ] Samedi 21 janvier - Chassimages","description":"Chaque jour, la r\u00e9daction du magazine Chasseur d'Images choisit une \"Image du Jour\" parmi toutes celles que postent les Lecteurs sur le Forum, Facebook...","robots":{"index":"index","follow":"follow","max-snippet":"max-snippet:-1","max-image-preview":"max-image-preview:large","max-video-preview":"max-video-preview:-1"},"canonical":"https:\/\/www.chassimages.com\/index.php\/2017\/01\/21\/image-du-jour-170121\/","og_locale":"fr_FR","og_type":"article","og_title":"[ Image du jour ] Samedi 21 janvier - Chassimages","og_description":"Chaque jour, la r\u00e9daction du magazine Chasseur d'Images choisit une \"Image du Jour\" parmi toutes celles que postent les Lecteurs sur le Forum, Facebook...","og_url":"https:\/\/www.chassimages.com\/index.php\/2017\/01\/21\/image-du-jour-170121\/","og_site_name":"Chassimages","article_publisher":"https:\/\/www.facebook.com\/chasseurimages\/","article_author":"https:\/\/www.facebook.com\/guymichel.cogne","article_published_time":"2017-01-21T07:00:39+00:00","article_modified_time":"2017-01-21T08:32:20+00:00","og_image":[{"width":1200,"height":800,"url":"https:\/\/www.chassimages.com\/mag\/wp-content\/uploads\/2017\/01\/ImageJour-Festival-Oiseau-S.jpg","type":"image\/jpeg"}],"author":"GMC","twitter_card":"summary_large_image","twitter_creator":"@https:\/\/twitter.com\/guymichelcogne","twitter_misc":{"\u00c9crit par":"GMC","Dur\u00e9e de lecture estim\u00e9e":"1 minute"},"schema":{"@context":"https:\/\/schema.org","@graph":[{"@type":"Article","@id":"https:\/\/www.chassimages.com\/index.php\/2017\/01\/21\/image-du-jour-170121\/#article","isPartOf":{"@id":"https:\/\/www.chassimages.com\/index.php\/2017\/01\/21\/image-du-jour-170121\/"},"author":{"name":"GMC","@id":"https:\/\/www.chassimages.com\/#\/schema\/person\/94932974fef5953dceb2807ae112075b"},"headline":"[ Image du jour ] Samedi 21 janvier","datePublished":"2017-01-21T07:00:39+00:00","dateModified":"2017-01-21T08:32:20+00:00","mainEntityOfPage":{"@id":"https:\/\/www.chassimages.com\/index.php\/2017\/01\/21\/image-du-jour-170121\/"},"wordCount":256,"publisher":{"@id":"https:\/\/www.chassimages.com\/#organization"},"image":{"@id":"https:\/\/www.chassimages.com\/index.php\/2017\/01\/21\/image-du-jour-170121\/#primaryimage"},"thumbnailUrl":"https:\/\/www.chassimages.com\/mag\/wp-content\/uploads\/2017\/01\/ImageJour-Festival-Oiseau-S.jpg","keywords":["Facebook","Festival","Image du Jour"],"articleSection":["Image du Jour"],"inLanguage":"fr-FR"},{"@type":"WebPage","@id":"https:\/\/www.chassimages.com\/index.php\/2017\/01\/21\/image-du-jour-170121\/","url":"https:\/\/www.chassimages.com\/index.php\/2017\/01\/21\/image-du-jour-170121\/","name":"[ Image du jour ] Samedi 21 janvier - Chassimages","isPartOf":{"@id":"https:\/\/www.chassimages.com\/#website"},"primaryImageOfPage":{"@id":"https:\/\/www.chassimages.com\/index.php\/2017\/01\/21\/image-du-jour-170121\/#primaryimage"},"image":{"@id":"https:\/\/www.chassimages.com\/index.php\/2017\/01\/21\/image-du-jour-170121\/#primaryimage"},"thumbnailUrl":"https:\/\/www.chassimages.com\/mag\/wp-content\/uploads\/2017\/01\/ImageJour-Festival-Oiseau-S.jpg","datePublished":"2017-01-21T07:00:39+00:00","dateModified":"2017-01-21T08:32:20+00:00","description":"Chaque jour, la r\u00e9daction du magazine Chasseur d'Images choisit une \"Image du Jour\" parmi toutes celles que postent les Lecteurs sur le Forum, Facebook...","breadcrumb":{"@id":"https:\/\/www.chassimages.com\/index.php\/2017\/01\/21\/image-du-jour-170121\/#breadcrumb"},"inLanguage":"fr-FR","potentialAction":[{"@type":"ReadAction","target":["https:\/\/www.chassimages.com\/index.php\/2017\/01\/21\/image-du-jour-170121\/"]}]},{"@type":"ImageObject","inLanguage":"fr-FR","@id":"https:\/\/www.chassimages.com\/index.php\/2017\/01\/21\/image-du-jour-170121\/#primaryimage","url":"https:\/\/www.chassimages.com\/mag\/wp-content\/uploads\/2017\/01\/ImageJour-Festival-Oiseau-S.jpg","contentUrl":"https:\/\/www.chassimages.com\/mag\/wp-content\/uploads\/2017\/01\/ImageJour-Festival-Oiseau-S.jpg","width":1200,"height":800},{"@type":"BreadcrumbList","@id":"https:\/\/www.chassimages.com\/index.php\/2017\/01\/21\/image-du-jour-170121\/#breadcrumb","itemListElement":[{"@type":"ListItem","position":1,"name":"Accueil","item":"https:\/\/www.chassimages.com\/"},{"@type":"ListItem","position":2,"name":"[ Image du jour ] Samedi 21 janvier"}]},{"@type":"WebSite","@id":"https:\/\/www.chassimages.com\/#website","url":"https:\/\/www.chassimages.com\/","name":"Chassimages","description":"","publisher":{"@id":"https:\/\/www.chassimages.com\/#organization"},"potentialAction":[{"@type":"SearchAction","target":{"@type":"EntryPoint","urlTemplate":"https:\/\/www.chassimages.com\/?s={search_term_string}"},"query-input":{"@type":"PropertyValueSpecification","valueRequired":true,"valueName":"search_term_string"}}],"inLanguage":"fr-FR"},{"@type":"Organization","@id":"https:\/\/www.chassimages.com\/#organization","name":"Editions JIBENA","alternateName":"JIBENA","url":"https:\/\/www.chassimages.com\/","logo":{"@type":"ImageObject","inLanguage":"fr-FR","@id":"https:\/\/www.chassimages.com\/#\/schema\/logo\/image\/","url":"https:\/\/www.chassimages.com\/mag\/wp-content\/uploads\/2024\/03\/images.jpg","contentUrl":"https:\/\/www.chassimages.com\/mag\/wp-content\/uploads\/2024\/03\/images.jpg","width":396,"height":127,"caption":"Editions JIBENA"},"image":{"@id":"https:\/\/www.chassimages.com\/#\/schema\/logo\/image\/"},"sameAs":["https:\/\/www.facebook.com\/chasseurimages\/","https:\/\/www.instagram.com\/chassimages\/"]},{"@type":"Person","@id":"https:\/\/www.chassimages.com\/#\/schema\/person\/94932974fef5953dceb2807ae112075b","name":"GMC","image":{"@type":"ImageObject","inLanguage":"fr-FR","@id":"https:\/\/secure.gravatar.com\/avatar\/c19674b4cbf5ff1bc5f14c0adb34e8c393edf9fe9353f2004d172b93fbf963e9?s=96&d=mm&r=g","url":"https:\/\/secure.gravatar.com\/avatar\/c19674b4cbf5ff1bc5f14c0adb34e8c393edf9fe9353f2004d172b93fbf963e9?s=96&d=mm&r=g","contentUrl":"https:\/\/secure.gravatar.com\/avatar\/c19674b4cbf5ff1bc5f14c0adb34e8c393edf9fe9353f2004d172b93fbf963e9?s=96&d=mm&r=g","caption":"GMC"},"description":"GMC, Guy-Michel Cogn\u00e9, propulseur de nouvelles id\u00e9es depuis 1976 (rien que \u00e7a!). On lui doit Chasseur d'Images, Nat'Images, chassimages.com et pas mal d'autres choses. On dit de lui que c'est un gros nounours, parfois tr\u00e8s mal l\u00e9ch\u00e9, mais c'est pas vrai du tout: il dit juste tout haut ce qu'il n'a pas envie de dire tout bas et, parfois, \u00e7a accrochee un peu.","sameAs":["https:\/\/rockylinux.jibena.lan\/mag","https:\/\/www.facebook.com\/guymichel.cogne","https:\/\/x.com\/https:\/\/twitter.com\/guymichelcogne"],"url":"https:\/\/www.chassimages.com\/index.php\/author\/gmc\/"}]}},"_links":{"self":[{"href":"https:\/\/www.chassimages.com\/index.php\/wp-json\/wp\/v2\/posts\/5703","targetHints":{"allow":["GET"]}}],"collection":[{"href":"https:\/\/www.chassimages.com\/index.php\/wp-json\/wp\/v2\/posts"}],"about":[{"href":"https:\/\/www.chassimages.com\/index.php\/wp-json\/wp\/v2\/types\/post"}],"author":[{"embeddable":true,"href":"https:\/\/www.chassimages.com\/index.php\/wp-json\/wp\/v2\/users\/6"}],"replies":[{"embeddable":true,"href":"https:\/\/www.chassimages.com\/index.php\/wp-json\/wp\/v2\/comments?post=5703"}],"version-history":[{"count":5,"href":"https:\/\/www.chassimages.com\/index.php\/wp-json\/wp\/v2\/posts\/5703\/revisions"}],"predecessor-version":[{"id":5712,"href":"https:\/\/www.chassimages.com\/index.php\/wp-json\/wp\/v2\/posts\/5703\/revisions\/5712"}],"wp:featuredmedia":[{"embeddable":true,"href":"https:\/\/www.chassimages.com\/index.php\/wp-json\/wp\/v2\/media\/5705"}],"wp:attachment":[{"href":"https:\/\/www.chassimages.com\/index.php\/wp-json\/wp\/v2\/media?parent=5703"}],"wp:term":[{"taxonomy":"category","embeddable":true,"href":"https:\/\/www.chassimages.com\/index.php\/wp-json\/wp\/v2\/categories?post=5703"},{"taxonomy":"post_tag","embeddable":true,"href":"https:\/\/www.chassimages.com\/index.php\/wp-json\/wp\/v2\/tags?post=5703"}],"curies":[{"name":"wp","href":"https:\/\/api.w.org\/{rel}","templated":true}]}}